{"id":86624,"date":"2022-03-28T11:45:37","date_gmt":"2022-03-28T17:45:37","guid":{"rendered":"https:\/\/periodico.hidalgo.gob.mx\/?p=86624"},"modified":"2023-03-01T13:43:10","modified_gmt":"2023-03-01T19:43:10","slug":"poder-judicial-de-la-federacion-seccion-de-extincion-de-dominio-edicto-juicio-de-extincion-de-dominio-14-2021-iv-juzgado-segundo-de-distrito-en-materia-de-extincion-de-dominio-con-competencia-en-la","status":"publish","type":"post","link":"https:\/\/periodico.hidalgo.gob.mx\/?p=86624","title":{"rendered":"Poder Judicial de la Federaci\u00f3n, Secci\u00f3n de Extinci\u00f3n de Dominio, Edicto Juicio de Extinci\u00f3n de Dominio 14\/2021-Iv, Juzgado Segundo de Distrito en Materia de Extinci\u00f3n de Dominio con competencia en la Rep\u00fablica Mexicana y Especializado en Juicios Orales Mercantiles en el Primer Circuito, con sede en la Ciudad de M\u00e9xico."},"content":{"rendered":"<p><span style=\"font-size: 20px; color: #001f2f;\"><strong>Documento contenido en el <a href=\"https:\/\/periodico.hidalgo.gob.mx\/?tribe_events=Periodico-Oficial-Ordinario-0-del-28-de-marzo-de-2022\">Peri\u00f3dico Oficial Ordinario 0 del 28 de marzo de 2022<\/a><\/strong><\/span><\/p>\n<p><span style=\"font-size: 16px;\"><strong>Edici\u00f3n:<\/strong> Ordinario 0<\/span><br \/>\n<span style=\"font-size: 16px;\"><strong>N\u00famero:<\/strong> 13<\/span><br \/>\n<span style=\"font-size: 16px;\"><strong>P\u00e1ginas:<\/strong> 102<\/span><\/p>\n<p><span style=\"font-size: 20px;\"><strong>Contenido:<\/strong><\/span><\/p>\n<hr \/>\n<p><a name=\"_Toc99365569\"><\/a>Poder Judicial de la Federaci\u00f3n, Secci\u00f3n de Extinci\u00f3n de Dominio, Edicto Juicio de Extinci\u00f3n de Dominio 14\/2021-Iv, Juzgado Segundo de Distrito en Materia de Extinci\u00f3n de Dominio con competencia en la Rep\u00fablica Mexicana y Especializado en Juicios Orales Mercantiles en el Primer Circuito, con sede en la Ciudad de M\u00e9xico.<\/p>\n<p><strong>E D I C T O<\/strong><\/p>\n<p>&nbsp;<\/p>\n<p>&nbsp;<\/p>\n<p><strong>PERSONA\u00a0\u00a0\u00a0\u00a0 AFECTADA<\/strong>:\u00a0\u00a0\u00a0 CUALQUIER\u00a0\u00a0\u00a0 PERSONA\u00a0\u00a0\u00a0 QUE TENGA\u00a0 UN\u00a0 DERECHO SOBRE EL BIEN INMUEBLE OBJETO DE LA ACCI\u00d3N DE EXTINCI\u00d3N DE DOMINIO, EN RAZ\u00d3N DE LOS\u00a0 EFECTOS\u00a0 UNIVERSALES\u00a0 DEL\u00a0 JUICIO\u00a0 DE\u00a0 EXTINCI\u00d3N DE DOMINIO 14\/2021-IV.<\/p>\n<p>&nbsp;<\/p>\n<p><strong>EN\u00a0 EL\u00a0\u00a0 MARGEN\u00a0\u00a0 SUPERIOR\u00a0\u00a0 IZQUIERDO\u00a0\u00a0 APARECE\u00a0\u00a0 UN<\/strong> <strong>SELLO\u00a0\u00a0\u00a0 QUE\u00a0\u00a0\u00a0 DICE:\u00a0\u00a0\u00a0\u00a0 ESTADOS \u00a0\u00a0\u00a0\u00a0UNIDOS\u00a0\u00a0\u00a0 MEXICANOS,<\/strong> <strong>PODER\u00a0\u00a0\u00a0 JUDICIAL\u00a0\u00a0\u00a0 DE\u00a0\u00a0 LA\u00a0\u00a0 FEDERACI\u00d3N,\u00a0\u00a0\u00a0 SECCI\u00d3N\u00a0\u00a0 DE<\/strong> <strong>EXTINCI\u00d3N\u00a0\u00a0\u00a0 DE\u00a0\u00a0 DOMINIO,\u00a0\u00a0 JUICIO\u00a0\u00a0 DE\u00a0\u00a0 EXTINCI\u00d3N\u00a0\u00a0 DE<\/strong> <strong>DOMINIO\u00a0 14\/2021-IV,\u00a0 JUZGADO\u00a0 SEGUNDO\u00a0 DE DISTRITO<\/strong> <strong>EN\u00a0\u00a0\u00a0\u00a0 MATERIA\u00a0\u00a0\u00a0\u00a0 DE\u00a0\u00a0\u00a0\u00a0 EXTINCI\u00d3N\u00a0\u00a0\u00a0\u00a0 DE\u00a0\u00a0\u00a0 DOMINIO\u00a0\u00a0\u00a0 CON<\/strong> <strong>COMPETENCIA\u00a0\u00a0\u00a0\u00a0 EN\u00a0\u00a0\u00a0\u00a0 LA\u00a0\u00a0\u00a0\u00a0 REP\u00daBLICA\u00a0\u00a0\u00a0\u00a0 MEXICANA\u00a0\u00a0\u00a0\u00a0 Y<\/strong> <strong>ESPECIALIZADO\u00a0\u00a0 EN\u00a0\u00a0 JUICIOS\u00a0\u00a0 ORALES\u00a0\u00a0 MERCANTILES\u00a0 EN<\/strong> <strong>EL\u00a0\u00a0 PRIMER\u00a0\u00a0 CIRCUITO,\u00a0\u00a0 CON\u00a0\u00a0 SEDE\u00a0\u00a0 EN\u00a0\u00a0 LA\u00a0\u00a0 CIUDAD\u00a0 DE<\/strong> <strong>M\u00c9XICO.<\/strong><\/p>\n<p><strong>\u00a0<\/strong><\/p>\n<p><strong>\u00a0\u00a0\u00a0 <\/strong>En\u00a0 el\u00a0 juicio\u00a0 de\u00a0 extinci\u00f3n\u00a0 de\u00a0 dominio <strong>14\/2021-IV<\/strong>.\u00a0\u00a0 la\u00a0 Juez Segundo de Distrito en Materia\u00a0 de\u00a0\u00a0 Extinci\u00f3n\u00a0 de Dominio con Competencia\u00a0\u00a0 en\u00a0\u00a0 la\u00a0\u00a0 Rep\u00fablica\u00a0 Mexicana y\u00a0 Especializado\u00a0 en Juicios Orales Mercantiles en el Primer Circuito,\u00a0 con sede en la Ciudad de M\u00e9xico, licenciada\u00a0\u00a0 Ana Lilia Osorno Arroyo,\u00a0 orden\u00f3 en\u00a0\u00a0\u00a0 prove\u00eddo\u00a0\u00a0 de\u00a0\u00a0 <strong>catorce\u00a0\u00a0 de\u00a0\u00a0 enero\u00a0 de\u00a0\u00a0 dos\u00a0 mil\u00a0\u00a0 veintid\u00f3s<\/strong>, notificar por medio de edicto a cualquier persona que tenga un derecho\u00a0 sobre el bien\u00a0 inmueble\u00a0 objeto\u00a0 de acci\u00f3n de extinci\u00f3n de\u00a0 dominio,\u00a0 en\u00a0 raz\u00f3n de los efectos\u00a0 universales\u00a0 del\u00a0 juicio\u00a0 de extinci\u00f3n de dominio\u00a0 14\/2021-IV, mismo que deber\u00e1 publicarse tanto\u00a0\u00a0 en\u00a0\u00a0 el\u00a0 Diario\u00a0 Oficial\u00a0 de\u00a0 la\u00a0 Federaci\u00f3n, en\u00a0\u00a0 el\u00a0 Peri\u00f3dico Oficial\u00a0 de l Estado\u00a0 de\u00a0 Hidalgo y por\u00a0 Internet, en la p\u00e1gina de la Fiscal\u00eda\u00a0 General\u00a0 de\u00a0 la\u00a0 Rep\u00fablica,\u00a0\u00a0 para\u00a0 hacerles\u00a0 saber\u00a0 <strong><u>el auto<\/u><\/strong> <strong><u>de catorce de enero de dos mil veintid\u00f3s<\/u><\/strong>.\u00a0\u00a0\u00a0 Asimismo,\u00a0\u00a0 se\u00a0\u00a0 hace constar\u00a0\u00a0 que\u00a0\u00a0 las\u00a0\u00a0 partes\u00a0 en\u00a0\u00a0 el\u00a0\u00a0 juicio\u00a0\u00a0 son: <strong><u>actora<\/u> <\/strong>Dann Jafet Infante\u00a0\u00a0\u00a0 Villavicencio,\u00a0\u00a0\u00a0\u00a0 Claudia\u00a0\u00a0 Ang\u00e9lica\u00a0\u00a0\u00a0 Garc\u00eda\u00a0\u00a0\u00a0 Jim\u00e9nez\u00a0 y Xospan\u00a0 Basilio\u00a0 Jim\u00e9nez\u00a0 Cuevas,\u00a0 Agentes\u00a0 del Ministerio P\u00fablico de\u00a0\u00a0 la\u00a0\u00a0 Federaci\u00f3n,\u00a0\u00a0\u00a0 adscritos\u00a0\u00a0 a\u00a0\u00a0 la\u00a0\u00a0 Unidad\u00a0\u00a0 Especializada\u00a0\u00a0 en Materia\u00a0 de\u00a0 Extinci\u00f3n\u00a0 de\u00a0 Dominio,\u00a0 dependiente\u00a0 de\u00a0 la\u00a0 Unidad Para\u00a0 la\u00a0 Implementaci\u00f3n\u00a0 del\u00a0 Sistema\u00a0 Procesal Penal Acusatorio<\/p>\n<p>&nbsp;<\/p>\n<p>En la\u00a0\u00a0 Fiscal\u00eda\u00a0\u00a0 General\u00a0 de\u00a0 la\u00a0 Rep\u00fablica,\u00a0\u00a0\u00a0 <strong><u>demandado:<\/u> <\/strong>Juli\u00e1n Hern\u00e1ndez\u00a0\u00a0\u00a0 Mej\u00eda,\u00a0\u00a0\u00a0 en\u00a0\u00a0 la\u00a0 que\u00a0 se\u00a0\u00a0 reclama\u00a0\u00a0 en\u00a0\u00a0\u00a0 s\u00edntesis\u00a0\u00a0 la declaratoria\u00a0 de\u00a0 extinci\u00f3n de dominio\u00a0 respecto\u00a0 del\u00a0\u00a0 inmueble amparado por el t\u00edtulo de propiedad n\u00famero 000000004624:<\/p>\n<p>&nbsp;<\/p>\n<p><em>\u00a0\u00a0\u00a0\u00a0\u00a0\u00a0\u00a0\u00a0\u00a0 \u201c(\u2026)\u00a0\u00a0 parcela\u00a0\u00a0 no.\u00a0\u00a0 34\u00a0\u00a0\u00a0 Z-1\u00a0\u00a0 P1\/4\u00a0\u00a0 del\u00a0\u00a0 Ejido\u00a0 el\u00a0 Saucillo,<\/em> <em>municipio\u00a0 de\u00a0 Mineral\u00a0 de\u00a0 la Reforma,\u00a0 Estado\u00a0 de\u00a0 Hidalgo, con<\/em> <em>una\u00a0 superficie\u00a0 de 2-43-49. 17\u00a0 dos\u00a0 hect\u00e1reas,\u00a0 cuarenta\u00a0 y\u00a0 tres<\/em> <em>\u00e1reas,\u00a0 cuarenta\u00a0 y\u00a0 nueve\u00a0 punto\u00a0 diecisiete\u00a0 centi\u00e1reas , con\u00a0 las<\/em> <em>siguientes medidas y colindancias: NORESTE\u00a0\u00a0 172. 12\u00a0 mtrs\u00a0 con<\/em> <em>camino\u00a0\u00a0 interparcelario.\u00a0\u00a0 SURESTE\u00a0\u00a0 en\u00a0 l\u00ednea\u00a0 quebrada\u00a0 162.03<\/em> <em>mts.\u00a0\u00a0\u00a0 Con\u00a0\u00a0 parcela\u00a0\u00a0 35\u00a0 y\u00a0 72. 11 mts.\u00a0 Con\u00a0 NCPA\u00a0 EL\u00a0 CHACON.<\/em> <em>SUROESTE\u00a0 85. 89\u00a0 mtrs,\u00a0\u00a0 con\u00a0 parcela\u00a0 49\u00a0 y\u00a0 en\u00a0 l\u00ednea\u00a0 quebrada<\/em> <em>214.28\u00a0 mtrs\u00a0 con\u00a0 parcela\u00a0\u00a0 134,\u00a0\u00a0\u00a0 NOROESTE\u00a0\u00a0 107.89\u00a0\u00a0 mts\u00a0\u00a0 con<\/em> <em>camino interparcelario,\u00a0 plano interno\u00a0 inscrito\u00a0 bajo\u00a0 clave \u00fanica<\/em> <em>Catastral\u00a0\u00a0\u00a0 F14D81Y966A5\u00a0\u00a0\u00a0 a\u00a0\u00a0\u00a0\u00a0 favor\u00a0\u00a0\u00a0 de\u00a0\u00a0 HERN\u00c1NDEZ\u00a0\u00a0 MEJ\u00cdA<\/em> <em>JUL\u00cdAN.\u201d<\/em><\/p>\n<p><em>\u00a0<\/em><\/p>\n<p><strong>Ciudad de M\u00e9xico, 11 de marzo de 2022.<\/strong><\/p>\n<p><strong>\u00a0<\/strong><\/p>\n<p><strong>Atentamente.<\/strong><\/p>\n<p><strong>Lic. Yahel Hern\u00e1ndez Castillo.<\/strong><\/p>\n<p>Secretaria de Juzgado.<\/p>\n<p>R\u00fabrica<\/p>\n<p>&nbsp;<\/p>\n<hr \/>\n<p style=\"text-align: justify;\"><span style=\"font-size: 16px;\"><a href=\"https:\/\/periodico.hidalgo.gob.mx\/?tribe_events=Periodico-Oficial-Ordinario-0-del-28-de-marzo-de-2022\">Peri\u00f3dico Oficial Ordinario 0 del 28 de marzo de 2022<\/a><\/span><\/p>\n<p style=\"text-align: justify;\"><span style=\"font-size: 16px;\">Esto es un extracto, por lo que en el documento que est\u00e1 visualizando puede haber texto, caracteres, im\u00e1genes u objetos que no se muestren debido a la conversi\u00f3n a formato HTML, por lo que le recomendamos tomar siempre como referencia el archivo PDF de la edici\u00f3n.<\/span><\/p>\n","protected":false},"excerpt":{"rendered":"<p>Documento contenido en el Peri\u00f3dico Oficial Ordinario 0 del 28 de marzo de 2022 Edici\u00f3n: Ordinario 0 N\u00famero: 13 P\u00e1ginas: 102 Contenido: Poder Judicial de la Federaci\u00f3n, Secci\u00f3n de Extinci\u00f3n [&hellip;]<\/p>\n","protected":false},"author":1,"featured_media":136238,"comment_status":"closed","ping_status":"closed","sticky":false,"template":"","format":"image","meta":{"footnotes":""},"categories":[1204],"tags":[152,692,158,57,274,141,531,190,99,82,901,903,614],"class_list":["post-86624","post","type-post","status-publish","format-image","has-post-thumbnail","hentry","category-1204","tag-ciudad","tag-distrito","tag-enero","tag-hidalgo","tag-las","tag-marzo","tag-ordinario","tag-periodico","tag-periodico-oficial","tag-periodico-oficial-ordinario-0","tag-propiedad","tag-republica","tag-republica-mexicana","post_format-post-format-image"],"_links":{"self":[{"href":"https:\/\/periodico.hidalgo.gob.mx\/index.php?rest_route=\/wp\/v2\/posts\/86624","targetHints":{"allow":["GET"]}}],"collection":[{"href":"https:\/\/periodico.hidalgo.gob.mx\/index.php?rest_route=\/wp\/v2\/posts"}],"about":[{"href":"https:\/\/periodico.hidalgo.gob.mx\/index.php?rest_route=\/wp\/v2\/types\/post"}],"author":[{"embeddable":true,"href":"https:\/\/periodico.hidalgo.gob.mx\/index.php?rest_route=\/wp\/v2\/users\/1"}],"replies":[{"embeddable":true,"href":"https:\/\/periodico.hidalgo.gob.mx\/index.php?rest_route=%2Fwp%2Fv2%2Fcomments&post=86624"}],"version-history":[{"count":0,"href":"https:\/\/periodico.hidalgo.gob.mx\/index.php?rest_route=\/wp\/v2\/posts\/86624\/revisions"}],"wp:featuredmedia":[{"embeddable":true,"href":"https:\/\/periodico.hidalgo.gob.mx\/index.php?rest_route=\/wp\/v2\/media\/136238"}],"wp:attachment":[{"href":"https:\/\/periodico.hidalgo.gob.mx\/index.php?rest_route=%2Fwp%2Fv2%2Fmedia&parent=86624"}],"wp:term":[{"taxonomy":"category","embeddable":true,"href":"https:\/\/periodico.hidalgo.gob.mx\/index.php?rest_route=%2Fwp%2Fv2%2Fcategories&post=86624"},{"taxonomy":"post_tag","embeddable":true,"href":"https:\/\/periodico.hidalgo.gob.mx\/index.php?rest_route=%2Fwp%2Fv2%2Ftags&post=86624"}],"curies":[{"name":"wp","href":"https:\/\/api.w.org\/{rel}","templated":true}]}}