{"id":42139,"date":"2020-08-17T23:53:27","date_gmt":"2020-08-18T04:53:27","guid":{"rendered":"https:\/\/periodico.hidalgo.gob.mx\/?p=42139"},"modified":"2020-08-17T23:53:27","modified_gmt":"2020-08-18T04:53:27","slug":"poder-ejecutivo-decreto-numero-423-que-declara-el-dia-8-de-abril-de-cada-ano-dia-del-tenango-y-declara-al-municipio-de-tenango-de-doria-cuna-de-los-bordados-tenangos","status":"publish","type":"post","link":"https:\/\/periodico.hidalgo.gob.mx\/?p=42139","title":{"rendered":"Poder Ejecutivo. &#8211; Decreto N\u00famero 423 que declara el d\u00eda 8 de abril de cada a\u00f1o \u201cD\u00eda del Tenango\u201d y Declara al Municipio de Tenango de Doria \u201cCuna de los Bordados Tenangos\u201d."},"content":{"rendered":"<p><span style=\"font-size: 20px; color: #001f2f;\"><strong>Documento contenido en el Peri\u00f3dico Oficial Alcance 1 del 17 de agosto de 2020<\/strong><\/span><\/p>\n<p><span style=\"font-size: 16px;\"><strong>Edici\u00f3n:<\/strong> Alcance 1<\/span><br \/>\n<span style=\"font-size: 16px;\"><strong>N\u00famero:<\/strong> 33<\/span><br \/>\n<span style=\"font-size: 16px;\"><strong>P\u00e1ginas:<\/strong> 71<\/span><\/p>\n<p><span style=\"font-size: 20px;\"><strong>Contenido:<\/strong><\/span><\/p>\n<hr \/>\n<p><a name=\"_Toc48498591\"><\/a><a name=\"_Toc48461664\"><\/a>Poder Ejecutivo. &#8211; Decreto N\u00famero 423 que declara el d\u00eda 8 de abril de cada a\u00f1o \u201cD\u00eda del Tenango\u201d y Declara al Municipio de Tenango de Doria \u201cCuna de los Bordados Tenangos\u201d.<\/p>\n<p><strong>GOBIERNO DEL ESTADO DE HIDALGO<\/strong><\/p>\n<p><strong>PODER <\/strong><strong>EJECUTIVO<\/strong><\/p>\n<p>&nbsp;<\/p>\n<p><strong>OMAR FAYAD MENESES, GOBERNADOR CONSTITUCIONAL DEL ESTADO LIBRE Y SOBERANO DE HIDALGO, A SUS HABITANTES SABED:<\/strong><\/p>\n<p><strong>\u00a0<\/strong><\/p>\n<p><strong>QUE LA LXIV LEGISLATURA DEL H. CONGRESO CONSTITUCIONAL DEL ESTADO LIBRE Y SOBERANO DE HIDALGO, HA TENIDO A BIEN DIRIGIRME EL SIGUIENTE:<\/strong><\/p>\n<p><strong>\u00a0<\/strong><\/p>\n<p><strong>D E C R E T O NUM. 423<\/strong><\/p>\n<p><strong>\u00a0<\/strong><\/p>\n<p><strong>QUE DECLARA EL D\u00cdA 8 DE ABRIL DE CADA A\u00d1O \u201cD\u00cdA DEL TENANGO\u201d Y DECLARA AL MUNICIPIO DE TENANGO DE DORIA \u201cCUNA DE LOS BORDADOS TENANGOS\u201d.<\/strong><\/p>\n<p><strong>\u00a0<\/strong><\/p>\n<p>El Congreso del Estado Libre y Soberano de Hidalgo, en uso de las facultades que le confiere el Art\u00edculo 56 fracciones I y II de la Constituci\u00f3n Pol\u00edtica del Estado de Hidalgo,\u00a0 <strong>D E C R E T A:<\/strong><\/p>\n<p><strong>\u00a0<\/strong><\/p>\n<p><strong>A N T E C E D E N T E S <\/strong><\/p>\n<p><strong>\u00a0<\/strong><\/p>\n<p><strong>PRIMERO. <\/strong>En sesi\u00f3n ordinaria de fecha 09 de julio de 2019, por instrucciones de la Presidencia de la Directiva, nos fue turnada la<strong> \u201c<\/strong><strong>INICIATIVA CON PROYECTO DE DECRETO POR EL QUE SE REALIZAN DIVERSAS DECLARATORIAS RESPECTO DEL MUNICIPIO DE TENANGO DE DORIA Y SUS BORDADOS\u201d<\/strong>, presentada por el Diputado Marcelino Carbajal Oliver, representante partidista del Partido Nueva alianza, de la Sexag\u00e9sima Cuarta Legislatura del Congreso del Estado de Hidalgo.<\/p>\n<p>&nbsp;<\/p>\n<p><strong>SEGUNDO. <\/strong>El asunto de cuenta, se registr\u00f3 en el Libro de Gobierno de la Primera Comisi\u00f3n Permanente de Legislaci\u00f3n y Puntos Constitucionales y de Cultura, con los n\u00fameros <strong>183\/19\u00a0 y 06\/19, <\/strong>respectivamente.<\/p>\n<p>&nbsp;<\/p>\n<p>Por lo que, en m\u00e9rito de lo expuesto;\u00a0 y<\/p>\n<p>&nbsp;<\/p>\n<p><strong>CONSIDERANDO<\/strong><\/p>\n<p><strong>\u00a0<\/strong><\/p>\n<p><strong>PRIMERO.<\/strong> Que, las Comisiones que suscriben, son competentes para conocer sobre el presente asunto, con fundamento en lo dispuesto por los art\u00edculos 2, 75 y 77 fracciones II y XXVII de la Ley Org\u00e1nica del Poder Legislativo del Estado Libre y Soberano de Hidalgo.<\/p>\n<p>&nbsp;<\/p>\n<p><strong>SEGUNDO.<\/strong> Que, la iniciativa en estudio, propone que se declare al Municipio de Tenango de Doria \u201cCuna de los bordados Tenangos\u201d y al d\u00eda 8 de abril de cada a\u00f1o, \u201cD\u00eda del Tenango\u201d.<\/p>\n<p>&nbsp;<\/p>\n<p><strong>TERCERO.<\/strong> Que, quienes integramos las Primeras Comisiones Permanentes que dictaminan, a partir del an\u00e1lisis y estudio de la Iniciativa de cuenta y a efecto de cumplir con lo se\u00f1alado en el art\u00edculo 140 de la Ley Org\u00e1nica del Poder Legislativo, coincidimos en lo expresado en la exposici\u00f3n de motivos de la Iniciativa presentada, ya que lo consideramos como un homenaje que se rinde a los artesanos ind\u00edgenas tenanguenses de la regi\u00f3n otom\u00ed-tepehua, del Estado de Hidalgo.<\/p>\n<p>&nbsp;<\/p>\n<p><strong>CUARTO. <\/strong>Que, en el Municipio de Tenango de Doria, el proceso de patrimonio se genera principalmente desde la administraci\u00f3n municipal, las escuelas p\u00fablicas y la iglesia. Para estas instituciones, la producci\u00f3n textil y los tenangos forman parte de la cultura otom\u00ed de la localidad; se retoman como uno de los elementos que constituyen su identidad y su patrimonio cultural; son manifestaciones que deben continuar y difundirse.<\/p>\n<p>&nbsp;<\/p>\n<p>Expresan y reproducen esos significados cuando emplean la iconograf\u00eda como imagen institucional; pintan las fachadas de los edificios p\u00fablicos con figuras caracter\u00edsticas de los bordados; utilizan los tenangos como manteles y replican la iconograf\u00eda en lonas para eventos escolares, festividades religiosas y civiles.<\/p>\n<p>&nbsp;<\/p>\n<p><strong>QUINTO.\u00a0 <\/strong>Que, para las y los dibujantes y bordadores de Tenango de Doria, la producci\u00f3n textil es una actividad econ\u00f3mica disponible para cubrir sus necesidades b\u00e1sicas; por lo tanto,\u00a0 les importa que sea reconocida y ello permita una comercializaci\u00f3n permanente. La preocupaci\u00f3n de las y los artesanos que participan en el sistema econ\u00f3mico textil y en el proceso de elaboraci\u00f3n, es la falta de reconocimiento de esta pr\u00e1ctica y su reproducci\u00f3n indebida.<\/p>\n<p>&nbsp;<\/p>\n<p><strong>SEXTO.\u00a0 <\/strong>Que, en el a\u00f1o 2017, la Asamblea Municipal de Tenango de Doria decret\u00f3 el d\u00eda 8 de abril \u201cD\u00eda del tenango\u201d, como homenaje a las y los artesanos tenanguenses, por la elaboraci\u00f3n de estas apreciadas artesan\u00edas que han dado la vuelta al mundo, y que reflejan la visi\u00f3n de los ind\u00edgenas de la regi\u00f3n Otom\u00ed Tepehua.<\/p>\n<p>&nbsp;<\/p>\n<p><strong>S\u00c9PTIMO. <\/strong>Que, en virtud de lo anteriormente expuesto, las Comisiones\u00a0 actuantes consideran de suma relevancia que el Congreso del Estado de Hidalgo, con la facultad que ostenta declare al Municipio de Tenango de Doria <strong>\u201cCuna de los Bordados Tenangos\u201d <\/strong>y al d\u00eda 08 del mes de abril de cada a\u00f1o, como <strong>\u201cD\u00eda del Tenango\u201d.<\/strong><\/p>\n<p><strong>\u00a0<\/strong><\/p>\n<p><strong>POR\u00a0\u00a0 TODO\u00a0\u00a0 LO\u00a0\u00a0 EXPUESTO,\u00a0\u00a0\u00a0 ESTE\u00a0\u00a0\u00a0 CONGRESO, HA TENIDO A BIEN EXPEDIR EL SIGUIENTE:<\/strong><\/p>\n<p><strong>\u00a0<\/strong><\/p>\n<p><strong>D E C R E T O<\/strong><\/p>\n<p><strong>\u00a0<\/strong><\/p>\n<p><strong>QUE DECLARA EL D\u00cdA 8 DE ABRIL DE CADA A\u00d1O \u201cD\u00cdA DEL TENANGO\u201d Y DECLARA AL MUNICIPIO DE TENANGO DE DORIA \u201cCUNA DE LOS BORDADOS TENANGOS\u201d.<\/strong><\/p>\n<p><strong>\u00a0<\/strong><\/p>\n<p><strong>ART\u00cdCULO PRIMERO. <\/strong>\u00a0<strong>SE <\/strong><strong>DECLARA EL D\u00cdA 8 DE ABRIL DE CADA A\u00d1O \u201cD\u00cdA DEL TENANGO\u201d<\/strong>.<\/p>\n<p>&nbsp;<\/p>\n<p><strong>ARTICULO SEGUNDO.\u00a0 SE DECLARA AL MUNICIPIO DE TENANGO DE DORIA \u201cCUNA DE LOS BORDADOS TENANGOS\u201d.<\/strong><\/p>\n<p><strong>\u00a0<\/strong><\/p>\n<p><strong>T R A N S I T O R I O S<\/strong><\/p>\n<p><strong>\u00a0<\/strong><\/p>\n<p><strong>ART\u00cdCULO PRIMERO.<\/strong>\u00a0 El presente Decreto entrar\u00e1 en vigor al d\u00eda siguiente de su publicaci\u00f3n en el Peri\u00f3dico Oficial del Estado de Hidalgo.<\/p>\n<p>&nbsp;<\/p>\n<p><strong>ART\u00cdCULO SEGUNDO<\/strong>. Env\u00edese copia del presente Decreto al Ayuntamiento de Tenango de Doria, Hidalgo, para los efectos a que haya lugar.<\/p>\n<p>&nbsp;<\/p>\n<p><strong>ART\u00cdCULO TERCERO.<\/strong> Env\u00edese copia del presente Decreto para que, de considerarlo pertinente, realicen lo dispuesto en el p\u00e1rrafo segundo del art\u00edculo 31 de la Ley de Cultura del Estado de Hidalgo y sea iniciado el procedimiento para realizar la Declaratoria a los Motivos, Dibujos y Bordados Tenangos, como \u201cPatrimonio Cultural del Estado De Hidalgo\u201d.<\/p>\n<p><strong>\u00a0<\/strong><\/p>\n<p><strong>AL EJECUTIVO DEL ESTADO, PARA LOS EFECTOS DEL ART\u00cdCULO 51 DE LA CONSTITUCI\u00d3N POL\u00cdTICA DEL ESTADO DE HIDALGO.- APROBADO EN LA SALA\u00a0 DE\u00a0 SESIONES\u00a0 DEL\u00a0 CONGRESO\u00a0 DEL\u00a0 ESTADO,\u00a0 EN\u00a0 LA\u00a0 CIUDAD\u00a0 DE PACHUCA DE SOTO, HIDALGO, A LOS TREINTA Y UNO D\u00cdAS DEL MES DE JULIO DEL A\u00d1O DOS MIL VEINTE.<\/strong><\/p>\n<p><strong>\u00a0<\/strong><\/p>\n<p><strong>\u00a0<\/strong><\/p>\n<p><strong>DIP. ROSALBA CALVA GARC\u00cdA<\/strong><\/p>\n<p><strong>PRESIDENTA DE LA DIRECTIVA.<\/strong><\/p>\n<p><strong>R\u00daBRICA<\/strong><\/p>\n<p><strong>\u00a0<\/strong><\/p>\n<p><strong>\u00a0<\/strong><\/p>\n<table width=\"100%\">\n<tbody>\n<tr>\n<td width=\"49%\"><strong>\u00a0<\/strong><\/td>\n<td width=\"2%\"><strong>\u00a0<\/strong><\/td>\n<td width=\"48%\">&nbsp;<\/td>\n<\/tr>\n<tr>\n<td width=\"49%\"><strong>DIP. MAR\u00cdA TEODORA ISLAS ESPINOZA<\/strong><\/p>\n<p><strong>SECRETARIA DE LA DIRECTIVA.<\/strong><\/p>\n<p><strong>R\u00daBRICA<\/strong><\/td>\n<td width=\"2%\"><strong>\u00a0<\/strong><\/td>\n<td width=\"48%\"><strong>DIP. SALVADOR SOSA ARROYO<\/strong><\/p>\n<p><strong>SECRETARIO DE LA DIRECTIVA.<\/strong><\/p>\n<p><strong>R\u00daBRICA<\/strong><\/td>\n<\/tr>\n<\/tbody>\n<\/table>\n<p>&nbsp;<\/p>\n<p>&nbsp;<\/p>\n<p><strong>EN USO DE LAS FACULTADES QUE ME CONFIERE EL ART\u00cdCULO 71 FRACCI\u00d3N I DE LA CONSTITUCI\u00d3N POL\u00cdTICA DEL ESTADO, Y EN OBSERVANCIA DE LO DISPUESTO POR EL ART\u00cdCULO 5\u00ba DE LA LEY DEL PERI\u00d3DICO OFICIAL DEL ESTADO DE HIDALGO, TENGO A BIEN PROMULGAR EL PRESENTE DECRETO, POR LO TANTO, MANDO SE IMPRIMA, PUBLIQUE Y CIRCULE PARA SU EXACTA OBSERVANCIA Y DEBIDO CUMPLIMIENTO.<\/strong><\/p>\n<p><strong>\u00a0<\/strong><\/p>\n<p><strong>DADO EN LA RESIDENCIA DEL PODER EJECUTIVO DEL ESTADO LIBRE Y SOBERANO DE HIDALGO, A LOS TRECE D\u00cdAS DEL MES DE AGOSTO DEL A\u00d1O DOS MIL VEINTE.<\/strong><\/p>\n<p><strong>\u00a0<\/strong><\/p>\n<p><strong>\u00a0<\/strong><\/p>\n<p><strong>EL GOBERNADOR CONSTITUCIONAL<\/strong><\/p>\n<p><strong>DEL ESTADO DE HIDALGO<\/strong><\/p>\n<p><strong>\u00a0<\/strong><\/p>\n<p><strong>LIC. OMAR FAYAD MENESES<\/strong><\/p>\n<p><strong>R\u00daBRICA<\/strong><\/p>\n<p>_______________________________________________________________________________________<\/p>\n<p>&nbsp;<\/p>\n<hr \/>\n<p style=\"text-align: justify;\"><span style=\"font-size: 16px;\"><a href=\"https:\/\/periodico.hidalgo.gob.mx\/?tribe_events=Periodico-Oficial-Alcance-1-del-17-de-agosto-de-2020\">Peri\u00f3dico Oficial Alcance 1 del 17 de agosto de 2020<\/a><\/span><\/p>\n<p style=\"text-align: justify;\"><span style=\"font-size: 16px;\">Esto es un extracto, por lo que en el documento que est\u00e1 visualizando puede haber texto, caracteres, im\u00e1genes u objetos que no se muestren debido a la conversi\u00f3n a formato HTML, por lo que le recomendamos tomar siempre como referencia el archivo PDF de la edici\u00f3n.<\/span><\/p>\n","protected":false},"excerpt":{"rendered":"<p>Documento contenido en el Peri\u00f3dico Oficial Alcance 1 del 17 de agosto de 2020 Edici\u00f3n: Alcance 1 N\u00famero: 33 P\u00e1ginas: 71 Contenido: Poder Ejecutivo. &#8211; Decreto N\u00famero 423 que declara [&hellip;]<\/p>\n","protected":false},"author":1,"featured_media":0,"comment_status":"closed","ping_status":"closed","sticky":false,"template":"","format":"standard","meta":{"footnotes":""},"categories":[1],"tags":[1012,184,747,354,152,145,100,475,112,162,668,326,316,284,276,669,520,388,65,547,259,57,66,274,627,220,41,55,85,867,159,203,190,99,380,351,391,1068,289,92,753,317],"class_list":["post-42139","post","type-post","status-publish","format-standard","hentry","category-uncategorized","tag-ano","tag-articulos","tag-asamblea-municipal","tag-ayuntamiento","tag-ciudad","tag-comision","tag-congreso","tag-congreso-constitucional","tag-constitucion","tag-constitucion-politica","tag-constitucional","tag-decreto","tag-del-estado","tag-del-h","tag-del-municipio","tag-del-poder","tag-ejecutivo","tag-el-periodico-oficial","tag-estado","tag-gobernador-constitucional","tag-gobierno","tag-hidalgo","tag-julio","tag-las","tag-legislatura","tag-ley","tag-ley-organica","tag-municipal","tag-municipio","tag-necesidades","tag-oficial","tag-pachuca","tag-periodico","tag-periodico-oficial","tag-periodico-oficial-alcance-1","tag-poder-ejecutivo","tag-presente","tag-proyecto","tag-publicos","tag-secretario","tag-sesiones","tag-soberano"],"_links":{"self":[{"href":"https:\/\/periodico.hidalgo.gob.mx\/index.php?rest_route=\/wp\/v2\/posts\/42139","targetHints":{"allow":["GET"]}}],"collection":[{"href":"https:\/\/periodico.hidalgo.gob.mx\/index.php?rest_route=\/wp\/v2\/posts"}],"about":[{"href":"https:\/\/periodico.hidalgo.gob.mx\/index.php?rest_route=\/wp\/v2\/types\/post"}],"author":[{"embeddable":true,"href":"https:\/\/periodico.hidalgo.gob.mx\/index.php?rest_route=\/wp\/v2\/users\/1"}],"replies":[{"embeddable":true,"href":"https:\/\/periodico.hidalgo.gob.mx\/index.php?rest_route=%2Fwp%2Fv2%2Fcomments&post=42139"}],"version-history":[{"count":0,"href":"https:\/\/periodico.hidalgo.gob.mx\/index.php?rest_route=\/wp\/v2\/posts\/42139\/revisions"}],"wp:attachment":[{"href":"https:\/\/periodico.hidalgo.gob.mx\/index.php?rest_route=%2Fwp%2Fv2%2Fmedia&parent=42139"}],"wp:term":[{"taxonomy":"category","embeddable":true,"href":"https:\/\/periodico.hidalgo.gob.mx\/index.php?rest_route=%2Fwp%2Fv2%2Fcategories&post=42139"},{"taxonomy":"post_tag","embeddable":true,"href":"https:\/\/periodico.hidalgo.gob.mx\/index.php?rest_route=%2Fwp%2Fv2%2Ftags&post=42139"}],"curies":[{"name":"wp","href":"https:\/\/api.w.org\/{rel}","templated":true}]}}