{"id":37280,"date":"2020-03-29T15:27:44","date_gmt":"2020-03-29T21:27:44","guid":{"rendered":"https:\/\/periodico.hidalgo.gob.mx\/?p=37280"},"modified":"2020-03-29T15:27:44","modified_gmt":"2020-03-29T21:27:44","slug":"secretaria-de-seguridad-publica-del-estado-de-hidalgo-subsecretaria-de-reinsercion-social-disposiciones-diversas-derivadas-de-la-enfermedad-infecciosa-causada-por-el-coronavirus-covid-19","status":"publish","type":"post","link":"https:\/\/periodico.hidalgo.gob.mx\/?p=37280","title":{"rendered":"Secretar\u00eda de Seguridad P\u00fablica del Estado de Hidalgo, Subsecretar\u00eda de Reinserci\u00f3n Social. \u2013 Disposiciones diversas derivadas de la enfermedad infecciosa causada por el coronavirus COVID-19."},"content":{"rendered":"<p><span style=\"font-size: 20px; color: #001f2f;\"><strong>Documento contenido en el Peri\u00f3dico Oficial Alcance 9 del 29 de marzo de 2020<\/strong><\/span><\/p>\n<p><span style=\"font-size: 16px;\"><strong>Edici\u00f3n:<\/strong> Alcance 9<\/span><br \/>\n<span style=\"font-size: 16px;\"><strong>N\u00famero:<\/strong> 12<\/span><br \/>\n<span style=\"font-size: 16px;\"><strong>P\u00e1ginas:<\/strong> 46<\/span><\/p>\n<p><span style=\"font-size: 20px;\"><strong>Contenido:<\/strong><\/span><\/p>\n<hr \/>\n<p><a name=\"_Toc36369466\"><\/a>Secretar\u00eda de Seguridad P\u00fablica del Estado de Hidalgo, Subsecretar\u00eda de Reinserci\u00f3n Social. \u2013 Disposiciones diversas derivadas de la enfermedad infecciosa causada por el coronavirus COVID-19.<\/p>\n<p><strong>MAURICIO DELMAR SAAVEDRA, SECRETARIO DE SEGURIDAD P\u00daBLICA DEL ESTADO DE HIDALGO, EN EJERCICIO DE LAS FACULTADES QUE ME CONFIEREN LOS ART\u00cdCULOS 1\u00b0 y 18 DE LA <\/strong><strong>CONSTITUCI\u00d3N POLITICA DE LOS ESTADOS UNIDOS MEXICANOS; 14, 15, 19 Y 20 DE LA LEY NACIONAL DE EJECUCI\u00d3N PENAL, 71 Y 72 DE LA LEY NACIONAL DEL SISTEMA INTEGRAL DE JUSTICIA PENAL PARA ADOLESCENTES; 36 FRACCIONES I, XV Y XX DE LA LEY ORG\u00c1NICA DE LA ADMINISTRACI\u00d3N P\u00daBLICA PARA EL ESTADO DE HIDALGO; 2\u00b0, 16 FRACCI\u00d3N II Y IV, 28 FRACCI\u00d3N V DE LA LEY DE SEGURIDAD P\u00daBLICA PARA EL ESTADO DE HIDALGO, 11 FRACCIONES IV, L Y LI DEL REGLAMENTO INTERIOR DE LA SECRETAR\u00cdA DE SEGURIDAD P\u00daBLICA DEL ESTADO Y, PUNTO\u00a0\u00a0 CUARTO DEL ACUERDO DEL EJECUTIVO DEL ESTADO POR EL QUE SE ESTABLECEN LAS MEDIDAS SANITARIAS INMEDIATAS PARA LA PREVENCI\u00d3N Y CONTROL DE LA ENFERMEDAD INFECCIOSA CAUSADA POR EL CORONAVIRUS COVID-19 EN EL ESTADO DE HIDALGO Y:<\/strong><\/p>\n<p><strong>\u00a0<\/strong><\/p>\n<p><strong>C O N S I D E R A N D O<\/strong><\/p>\n<p><strong>\u00a0<\/strong><\/p>\n<p><strong>PRIMERO. <\/strong>\u00a0\u00a0\u00a0\u00a0\u00a0 Que es de suma importancia preponderar el derecho a la salud de toda la poblaci\u00f3n hidalguense tal y como lo establece el Titular del Ejecutivo del estado de Hidalgo en el Acuerdo por el que se establecen las Medidas Sanitarias inmediatas para la prevenci\u00f3n y control de la enfermedad infecciosa causada por el Coronavirus COVID-19 en el Estado de Hidalgo, cuyo objeto es proteger la salud a trav\u00e9s de las acciones y disposiciones temporales y de inmediata ejecuci\u00f3n, tendentes a prevenir, diagnosticar y atender la enfermedad infecciosa, publicado en el Peri\u00f3dico Oficial del Estado el 19 de marzo de 2020.<\/p>\n<p>&nbsp;<\/p>\n<p><strong>SEGUNDO.<\/strong> \u00a0\u00a0\u00a0\u00a0 Que en raz\u00f3n de lo anterior y tomando en consideraci\u00f3n la crisis mundial que ha ocasionado la expansi\u00f3n de la enfermedad denominada coronavirus COVID-19 declarada como pandemia por la Organizaci\u00f3n Mundial de la Salud, as\u00ed como el acuerdo mediante el cual el Consejo de Salubridad General reconoce la epidemia de la enfermedad por el virus SARS-CoV2 (COVID-19) en M\u00e9xico, como una enfermedad grave de atenci\u00f3n prioritaria publicado en el Diario Oficial de la Federaci\u00f3n el 23 de marzo de 2020, ante los altos niveles de propagaci\u00f3n que representa, se hace necesario implementar mecanismos de contenci\u00f3n tendientes a reducir los riesgos de contagio.<\/p>\n<p>&nbsp;<\/p>\n<p><strong>TERCERO.<\/strong> \u00a0\u00a0\u00a0\u00a0 Que toda vez que los Centros Penitenciarios concentran un elevado n\u00famero de personas, representan uno de los puntos de riesgo para la expansi\u00f3n de la enfermedad, por lo que deben garantizarse los derechos fundamentales de la salud y de la vida de toda la poblaci\u00f3n que se encuentra privada de la libertad, del personal penitenciario y en general de todas las personas que por alg\u00fan motivo tengan la necesidad de acudir a los mismos.<\/p>\n<p>&nbsp;<\/p>\n<p><strong>CUARTO.<\/strong>\u00a0 \u00a0\u00a0\u00a0\u00a0\u00a0\u00a0 Que es necesario atender las recomendaciones de la Comisi\u00f3n Interamericana de Derechos Humanos (CIDH) y su Relator\u00eda Especial sobre Derechos Econ\u00f3micos, Sociales, Culturales y Ambientales (REDESCA), as\u00ed como las <strong>Medidas Cautelares para las autoridades del sistema penitenciario nacional emitidas por la Comisi\u00f3n Nacional de los Derechos Humanos <\/strong><strong>(CNDH)<\/strong> con fecha 14 de marzo del presente.<\/p>\n<p>&nbsp;<\/p>\n<p><strong>QUINTO. \u00a0\u00a0\u00a0\u00a0\u00a0\u00a0\u00a0\u00a0 <\/strong>Que es menester seguir los lineamientos establecidos en el ACUERDO por el que se establecen las medidas preventivas que se deber\u00e1n implementar para la mitigaci\u00f3n y control de los riesgos para la salud que implica la enfermedad por el virus SARS-CoV2 (COVID-19) publicado por la Secretar\u00eda de Salud en el Diario Oficial de la Federaci\u00f3n con fecha 24 de marzo de 2020.<\/p>\n<p>&nbsp;<\/p>\n<p><strong>SEXTO.<\/strong> Que con fecha 16 de marzo de 2020, la Subsecretar\u00eda de Reinserci\u00f3n Social estableci\u00f3 el Protocolo de Actuaci\u00f3n ante Caso Sospechoso y\/o Confirmado de COVID-19 con la validaci\u00f3n de la Secretaria de Salud Local.<\/p>\n<p>&nbsp;<\/p>\n<p><strong>S\u00c9PTIMO. <\/strong>Que con la finalidad de contener esta crisis sanitaria y de proteger los derechos fundamentales de la salud y la vida de las personas que se encuentran privadas de la libertad, las visitas en general, los proveedores de servicios y personal penitenciario, se emiten las siguientes:<\/p>\n<p><strong>\u00a0<\/strong><\/p>\n<p><strong>D I S P O S I C I O N E S<\/strong><\/p>\n<p>&nbsp;<\/p>\n<ol>\n<li>Para los efectos de estas disposiciones se entender\u00e1 por:<\/li>\n<\/ol>\n<p>&nbsp;<\/p>\n<ol>\n<li>Autoridad penitenciaria: A los titulares de: Subsecretar\u00eda de Reinserci\u00f3n Social, Direcci\u00f3n General de Prevenci\u00f3n y Reinserci\u00f3n Social y de los Centros Penitenciarios.<\/li>\n<\/ol>\n<p>&nbsp;<\/p>\n<ol>\n<li>Centros Penitenciaros: A los centros de reinserci\u00f3n social, al Centro de Internamiento para Adolescentes y c\u00e1rceles distritales.<\/li>\n<\/ol>\n<p>&nbsp;<\/p>\n<ol>\n<li>Corresponde a las autoridades penitenciaras:<\/li>\n<\/ol>\n<p>&nbsp;<\/p>\n<ol>\n<li style=\"list-style-type: none;\">\n<ol>\n<li>Fortalecer la estrategia de difusi\u00f3n para la contenci\u00f3n del COVID-19 entre las personas privadas de su libertad y los visitantes a los centros penitenciarios, dando a conocer, mediante el uso de tr\u00edpticos, lonas y otros elementos visuales, las medidas preventivas b\u00e1sicas para evitar el contagio, como son lavado de manos, uso de gel antibacterial, estornudar y toser adecuadamente, as\u00ed como la Jornada de Sana Distancia.<\/li>\n<\/ol>\n<\/li>\n<\/ol>\n<p>&nbsp;<\/p>\n<ol>\n<li style=\"list-style-type: none;\">\n<ol>\n<li>Identificar y determinar los niveles de riesgo de las personas privadas de su libertad de 65 a\u00f1os o m\u00e1s y las que pertenezcan a grupos de riesgo de contagio o propensos a desarrollar enfermedad grave y\/o morir a causa de ella, conforme a lo establecido en el Art\u00edculo Segundo Inciso a. del Acuerdo referido en el considerando QUINTO del presente documento, con la finalidad de determinar la pertinencia y la periodicidad de la recepci\u00f3n de visitas.<\/li>\n<\/ol>\n<\/li>\n<\/ol>\n<p>&nbsp;<\/p>\n<ol>\n<li style=\"list-style-type: none;\">\n<ol>\n<li>Implementar las medidas de prevenci\u00f3n del contagio en la entrada y en los distintos filtros de acceso a los centros penitenciarios, a cargo del personal de los mismos, verificando la temperatura corporal y aplicando gel antibacterial para el uso obligatorio de todos los que ingresen a las instalaciones.<\/li>\n<\/ol>\n<\/li>\n<\/ol>\n<p>&nbsp;<\/p>\n<ol>\n<li style=\"list-style-type: none;\">\n<ol>\n<li>Considerar las definiciones operacionales para casos sospechoso y para casos confirmados para la Vigilancia Epidemiol\u00f3gica, de acuerdo a lo dictado por la Secretar\u00eda T\u00e9cnica del Comit\u00e9 Nacional para la Vigilancia Epidemiol\u00f3gica.<\/li>\n<\/ol>\n<\/li>\n<\/ol>\n<p>&nbsp;<\/p>\n<ol>\n<li>Corresponde a las autoridades penitenciaras respecto a las Personas Privadas de la Libertad:<\/li>\n<\/ol>\n<p>&nbsp;<\/p>\n<ol>\n<li style=\"list-style-type: none;\">\n<ol>\n<li>Fortalecer la estrategia de difusi\u00f3n de medidas preventivas contra el COVID-19 a las personas privadas de su libertad en los diferentes centros penitenciarios mediante tr\u00edpticos, lonas y otros elementos visuales con la finalidad de dar a conocer las medidas de contenci\u00f3n b\u00e1sicas, tales como lavado de manos adecuado, uso de gel antibacterial, la adecuada forma de estornudar y toser, as\u00ed como un esquema de prevenci\u00f3n de infecciones respiratorias agudas y los mecanismos de propagaci\u00f3n de las mismas, as\u00ed como de la Jornada Nacional de Sana Distancia.<\/li>\n<\/ol>\n<\/li>\n<\/ol>\n<p>&nbsp;<\/p>\n<ol>\n<li style=\"list-style-type: none;\">\n<ol>\n<li>Los titulares de los centros penitenciaros en los que no se cuente con personal m\u00e9dico adscrito a la Instituci\u00f3n, solicitar\u00e1n el apoyo permanente a la Jurisdicci\u00f3n Sanitaria que corresponda geogr\u00e1ficamente.<\/li>\n<\/ol>\n<\/li>\n<\/ol>\n<p>&nbsp;<\/p>\n<ol>\n<li style=\"list-style-type: none;\">\n<ol>\n<li>Toda persona privada de la libertad que acuda a solicitar atenci\u00f3n m\u00e9dica y que presenten la sintomatolog\u00eda caracter\u00edstica de las enfermedades respiratorias, se le aplicar\u00e1 un interrogatorio m\u00e9dico, avalado por la autoridad sanitaria, para determinar si existe alg\u00fan factor de riesgo para considerarlo como caso sospechoso o caso confirmado, de acuerdo con la definici\u00f3n operacional que nos rige.<\/li>\n<\/ol>\n<\/li>\n<\/ol>\n<p>&nbsp;<\/p>\n<ol>\n<li style=\"list-style-type: none;\">\n<ol>\n<li>El personal de primer contacto en los centros penitenciarios que identifique un caso sospechoso de COVID-19, deber\u00e1 llevar a cabo la atenci\u00f3n inmediata bajo la aplicaci\u00f3n de medidas de precauci\u00f3n est\u00e1ndar, siguiendo el Protocolo referido en el Considerando SEXTO.<\/li>\n<\/ol>\n<\/li>\n<\/ol>\n<p>&nbsp;<\/p>\n<ol>\n<li>Corresponde a las autoridades penitenciaras respecto a las visitas a los Centros de Penitenciarios:<\/li>\n<\/ol>\n<p>&nbsp;<\/p>\n<ol>\n<li style=\"list-style-type: none;\">\n<ol>\n<li>Fortalecer la estrategia de difusi\u00f3n de medidas preventivas contra el COVID-19 a la poblaci\u00f3n que visita a las personas privadas de su libertad en los diferentes centros penitenciarios mediante tr\u00edpticos, lonas y otros elementos visuales.<\/li>\n<\/ol>\n<\/li>\n<\/ol>\n<p>&nbsp;<\/p>\n<ol>\n<li style=\"list-style-type: none;\">\n<ol>\n<li>Dar a conocer a los visitantes el nivel de riesgo de cada una de las personas privadas de su libertad, as\u00ed como la conveniencia de restringir las visitas, con la finalidad de proteger la salud colectiva, con base en las disposiciones de la autoridad sanitaria local y federal, y la normatividad establecida para la protecci\u00f3n de datos personales.<\/li>\n<\/ol>\n<\/li>\n<\/ol>\n<p>&nbsp;<\/p>\n<ol>\n<li style=\"list-style-type: none;\">\n<ol>\n<li>Continuar con el abastecimiento de gel antibacterial a los Centros Penitenciarios y garantizar que toda persona que los visita lo utilice adecuadamente.<\/li>\n<\/ol>\n<\/li>\n<\/ol>\n<p>&nbsp;<\/p>\n<ol>\n<li style=\"list-style-type: none;\">\n<ol>\n<li>Las autoridades penitenciarias adoptaran las medidas necesarias con el prop\u00f3sito de garantizar el derecho a la salud colectiva de manera continua de las personas privadas de su libertad, visitantes, personal administrativo y de seguridad de los centros penitenciarios, con base en la informaci\u00f3n oficial que determine la autoridad sanitaria competente.<\/li>\n<\/ol>\n<\/li>\n<\/ol>\n<p>&nbsp;<\/p>\n<ol>\n<li style=\"list-style-type: none;\">\n<ol>\n<li>Para el ingreso de los visitantes se implementar\u00e1 un filtro de acceso en donde, como primera medida de prevenci\u00f3n y contenci\u00f3n se tomar\u00e1 la temperatura corporal a los visitantes con term\u00f3metro infrarrojo digital.<\/li>\n<\/ol>\n<\/li>\n<\/ol>\n<p>&nbsp;<\/p>\n<ol>\n<li style=\"list-style-type: none;\">\n<ol>\n<li>Quien presente temperatura corporal mayor a 37 grados cent\u00edgrados, no se le permitir\u00e1 el acceso, as\u00ed como a personas con s\u00edntomas visibles de infecci\u00f3n de v\u00edas respiratorias (tos, malestar general, dificultad para respirar).<\/li>\n<\/ol>\n<\/li>\n<\/ol>\n<p><strong>\u00a0<\/strong><\/p>\n<ol>\n<li>Los centros penitenciarios que cuenten con poblaci\u00f3n ind\u00edgena deber\u00e1n implementar mecanismos de protecci\u00f3n especial para proporcionarles informaci\u00f3n sobre la pandemia de forma sencilla y, en lo posible, en su lengua materna.<\/li>\n<\/ol>\n<p>&nbsp;<\/p>\n<ol>\n<li>Se suspenden temporalmente los eventos que constituyan conglomeraciones de las personas en los centros penitenciarios.<\/li>\n<\/ol>\n<p><strong>TRANSITORIOS<\/strong><\/p>\n<p>&nbsp;<\/p>\n<p><strong>\u00daNICO.<\/strong> Las presentes disposiciones entrar\u00e1n en vigor a partir del d\u00eda de su publicaci\u00f3n y tendr\u00e1 vigencia en tanto dure la situaci\u00f3n de contingencia de conformidad con lo dispuesto por las autoridades sanitarias.<\/p>\n<p>&nbsp;<\/p>\n<p>Dada en la Sede de la Secretar\u00eda de Seguridad P\u00fablica del Poder Ejecutivo del Estado de Hidalgo a los 28 del mes de marzo del 2020.<\/p>\n<p>&nbsp;<\/p>\n<p>&nbsp;<\/p>\n<p><strong>MAURICIO DELMAR SAAVEDRA<\/strong><\/p>\n<p><strong>SECRETARIO DE SEGURIDAD PUBLICA<\/strong><\/p>\n<p><strong>R\u00daBRICA<\/strong><\/p>\n<p><strong>\u00a0<\/strong><\/p>\n<p><strong>\u00a0<\/strong><\/p>\n<p><strong>\u00a0<\/strong><\/p>\n<p><strong>LTG \/ YNH<\/strong><\/p>\n<p><strong>\u00a0<\/strong><\/p>\n<p>&nbsp;<\/p>\n<hr \/>\n<p style=\"text-align: justify;\"><span style=\"font-size: 16px;\"><a href=\"https:\/\/periodico.hidalgo.gob.mx\/?tribe_events=Periodico-Oficial-Alcance-9-del-29-de-marzo-de-2020\">Peri\u00f3dico Oficial Alcance 9 del 29 de marzo de 2020<\/a><\/span><\/p>\n<p style=\"text-align: justify;\"><span style=\"font-size: 16px;\">Esto es un extracto, por lo que en el documento que est\u00e1 visualizando puede haber texto, caracteres, im\u00e1genes u objetos que no se muestren debido a la conversi\u00f3n a formato HTML, por lo que le recomendamos tomar siempre como referencia el archivo PDF de la edici\u00f3n.<\/span><\/p>\n","protected":false},"excerpt":{"rendered":"<p>Documento contenido en el Peri\u00f3dico Oficial Alcance 9 del 29 de marzo de 2020 Edici\u00f3n: Alcance 9 N\u00famero: 12 P\u00e1ginas: 46 Contenido: Secretar\u00eda de Seguridad P\u00fablica del Estado de Hidalgo, [&hellip;]<\/p>\n","protected":false},"author":1,"featured_media":0,"comment_status":"closed","ping_status":"closed","sticky":false,"template":"","format":"standard","meta":{"footnotes":""},"categories":[1],"tags":[883,521,593,145,918,736,386,256,316,669,474,337,439,829,520,78,388,65,1027,831,80,198,57,1035,1056,591,139,274,220,1059,141,821,159,190,99,267,351,391,588,392,109,1112,63,92,95,146,69],"class_list":["post-37280","post","type-post","status-publish","format-standard","hentry","category-uncategorized","tag-autoridades","tag-cargo","tag-centro","tag-comision","tag-comision-nacional","tag-consejo","tag-considerando-sexto","tag-cual","tag-del-estado","tag-del-poder","tag-derechos","tag-direccion","tag-direccion-general","tag-ejecucion","tag-ejecutivo","tag-ejercicio","tag-el-periodico-oficial","tag-estado","tag-estados","tag-estados-unidos","tag-estados-unidos-mexicanos","tag-federacion","tag-hidalgo","tag-informacion","tag-institucion","tag-jurisdiccion","tag-justicia","tag-las","tag-ley","tag-libertad","tag-marzo","tag-mexico","tag-oficial","tag-periodico","tag-periodico-oficial","tag-poblacion","tag-poder-ejecutivo","tag-presente","tag-publica","tag-reglamento","tag-salud","tag-sars-cov2","tag-secretaria","tag-secretario","tag-seguridad-publica","tag-servicios","tag-subsecretaria"],"_links":{"self":[{"href":"https:\/\/periodico.hidalgo.gob.mx\/index.php?rest_route=\/wp\/v2\/posts\/37280","targetHints":{"allow":["GET"]}}],"collection":[{"href":"https:\/\/periodico.hidalgo.gob.mx\/index.php?rest_route=\/wp\/v2\/posts"}],"about":[{"href":"https:\/\/periodico.hidalgo.gob.mx\/index.php?rest_route=\/wp\/v2\/types\/post"}],"author":[{"embeddable":true,"href":"https:\/\/periodico.hidalgo.gob.mx\/index.php?rest_route=\/wp\/v2\/users\/1"}],"replies":[{"embeddable":true,"href":"https:\/\/periodico.hidalgo.gob.mx\/index.php?rest_route=%2Fwp%2Fv2%2Fcomments&post=37280"}],"version-history":[{"count":0,"href":"https:\/\/periodico.hidalgo.gob.mx\/index.php?rest_route=\/wp\/v2\/posts\/37280\/revisions"}],"wp:attachment":[{"href":"https:\/\/periodico.hidalgo.gob.mx\/index.php?rest_route=%2Fwp%2Fv2%2Fmedia&parent=37280"}],"wp:term":[{"taxonomy":"category","embeddable":true,"href":"https:\/\/periodico.hidalgo.gob.mx\/index.php?rest_route=%2Fwp%2Fv2%2Fcategories&post=37280"},{"taxonomy":"post_tag","embeddable":true,"href":"https:\/\/periodico.hidalgo.gob.mx\/index.php?rest_route=%2Fwp%2Fv2%2Ftags&post=37280"}],"curies":[{"name":"wp","href":"https:\/\/api.w.org\/{rel}","templated":true}]}}