{"id":34280,"date":"2019-12-30T15:05:16","date_gmt":"2019-12-30T21:05:16","guid":{"rendered":"https:\/\/periodico.hidalgo.gob.mx\/?p=34280"},"modified":"2019-12-30T15:05:16","modified_gmt":"2019-12-30T21:05:16","slug":"municipio-de-mineral-del-monte-hidalgo-acta-de-aprobacion-de-la-modificacion-del-presupuesto-de-egresos-para-el-ejercicio-fiscal-2019","status":"publish","type":"post","link":"https:\/\/periodico.hidalgo.gob.mx\/?p=34280","title":{"rendered":"Municipio de Mineral del Monte, Hidalgo. &#8211; Acta de aprobaci\u00f3n de la Modificaci\u00f3n del Presupuesto de Egresos para el Ejercicio Fiscal 2019."},"content":{"rendered":"<p><span style=\"font-size: 20px; color: #001f2f;\"><strong>Documento contenido en el Peri\u00f3dico Oficial Alcance 7 del 30 de diciembre de 2019<\/strong><\/span><\/p>\n<p><span style=\"font-size: 16px;\"><strong>Edici\u00f3n:<\/strong> Alcance 7<\/span><br \/>\n<span style=\"font-size: 16px;\"><strong>N\u00famero:<\/strong> 52<\/span><br \/>\n<span style=\"font-size: 16px;\"><strong>P\u00e1ginas:<\/strong> 104<\/span><\/p>\n<p><span style=\"font-size: 20px;\"><strong>Contenido:<\/strong><\/span><\/p>\n<hr \/>\n<p><a name=\"_Toc28550766\"><\/a>Municipio de Mineral del Monte, Hidalgo. &#8211; Acta de aprobaci\u00f3n de la Modificaci\u00f3n del Presupuesto de Egresos para el Ejercicio Fiscal 2019.<\/p>\n<p><strong><u>MUNICIPIO DE MINERAL DEL MONTE, HIDALGO.<\/u><\/strong><\/p>\n<p><strong><u>ACTA DE APROBACI\u00d3N DE LA MODIFICACI\u00d3N DEL PRESUPUESTO DE EGRESOS PARA EL\u00a0 EJERCICIO 2019.<\/u><\/strong><\/p>\n<p>&nbsp;<\/p>\n<p>DE CONFORMIDAD CON LOS ART\u00cdCULOS 115 DE LA CONSTITUCI\u00d3N POL\u00cdTICA DE LOS ESTADOS UNIDOS MEXICANOS; 141 FRACCI\u00d3N X DE LA CONSTITUCI\u00d3N POL\u00cdTICA DEL ESTADO DE HIDALGO; 56 FRACCI\u00d3N I INCISOS D) Y S), 60 FRACCI\u00d3N I INCISO R) Y 95 BIS Y QUINQUIES DE LA LEY ORG\u00c1NICA MUNICIPAL PARA EL ESTADO DE HIDALGO , SIENDO LAS 13:00 HORAS DEL D\u00cdA 06 DE JUNIO DE 2019, REUNIDOS EN LA SALA DE CABILDO DEL AYUNTAMIENTO DEL MUNICIPIO DE MINERAL DEL MONTE, HGO., LOS CC. JAIME SOTO JARILLO PRESIDENTE MUNICIPAL CONSTITUCIONAL; LIC. DANIA OCAMPO LOPEZ, SINDICO PROCURADOR, LOS REGIDORES: C. RAUL GAMERO FLORES, C. ARTURO MARTINEZ CABRERA, C. OSCAR FUENTES ORTIZ, PROFA. BELEM LETICIA CASTILLO VELAZQUEZ, LIC. ALEJANDRA ARMENTA ORTIZ, C. ELIZABETH MOCTEZUMA RAMIREZ, C. JUAN GOMEZ SOTO, PROF. MODESTO ARMENTA MARTINEZ Y MTRO. CRISTIHAN FABIAN GARCIA LOPEZ,\u00a0 CON LA FINALIDAD DE ANALIZAR Y APROBAR LA MODIFICACION DEL PRESUPUESTO DE EGRESOS PARA EL EJERCICIO FISCAL DE 2019.<\/p>\n<p>&nbsp;<\/p>\n<p>ACTO SEGUIDO, SE DESCRIBEN LOS MONTOS PRESUPUESTADOS EN CADA FUENTE DE FINANCIAMIENTO, QUEDANDO COMO SIGUE: &#8212;&#8212;&#8212;&#8212;&#8212;&#8212;&#8212;&#8212;&#8212;&#8212;&#8212;&#8212;&#8212;&#8212;&#8212;&#8212;&#8212;&#8212;&#8212;&#8212;&#8212;&#8212;&#8212;&#8212;&#8212;&#8212;&#8212;&#8212;&#8212;&#8212;&#8212;&#8212;&#8212;&#8212;&#8212;&#8212;&#8212;&#8212;&#8212;&#8212;&#8212;&#8212;&#8212;&#8212;&#8212;&#8212;&#8212;&#8212;&#8212;&#8212;&#8212;&#8212;&#8212;&#8212;&#8212;&#8212;&#8212;&#8212;&#8212;&#8212;&#8212;&#8212;&#8212;&#8212;&#8212;&#8212;&#8212;&#8212;&#8212;&#8212;&#8212;&#8212;&#8212;&#8212;&#8212;-<\/p>\n<p>&nbsp;<\/p>\n<table width=\"100%\">\n<tbody>\n<tr>\n<td width=\"39%\"><strong><u>FUENTE DE FINANCIAMIENTO<\/u><\/strong><\/td>\n<td width=\"32%\"><strong><u>CONCEPTO<\/u><\/strong><\/td>\n<td width=\"28%\"><strong><u>\u00a0IMPORTE <\/u><\/strong><\/td>\n<\/tr>\n<tr>\n<td width=\"39%\">RECURSOS FISCALES<\/td>\n<td width=\"32%\">SERVICIOS PERSONALES<\/td>\n<td width=\"28%\">\u00a0$\u00a0\u00a0\u00a0\u00a0\u00a0\u00a0\u00a0\u00a0 477,100.00<\/td>\n<\/tr>\n<tr>\n<td width=\"39%\">RECURSOS FISCALES<\/td>\n<td width=\"32%\">MATERIALES Y SUMINISTROS<\/td>\n<td width=\"28%\">\u00a0$\u00a0\u00a0\u00a0\u00a0\u00a0 1,573,265.00<\/td>\n<\/tr>\n<tr>\n<td width=\"39%\">RECURSOS FISCALES<\/td>\n<td width=\"32%\">SERVICIOS GENERALES<\/td>\n<td width=\"28%\">\u00a0$\u00a0\u00a0\u00a0\u00a0\u00a0 5,827,877.55<\/td>\n<\/tr>\n<tr>\n<td width=\"39%\">RECURSOS FISCALES<\/td>\n<td width=\"32%\">TRANSFERENCIAS, ASIGNACIONES, SUBSIDIOS Y OTRAS AYUDAS<\/td>\n<td width=\"28%\">\u00a0$\u00a0\u00a0\u00a0\u00a0\u00a0\u00a0\u00a0\u00a0 400,000.00<\/td>\n<\/tr>\n<tr>\n<td width=\"39%\">RECURSOS FISCALES<\/td>\n<td width=\"32%\">BIENES MUEBLES, INMUEBLES E INTANGIBLES<\/td>\n<td width=\"28%\">\u00a0$\u00a0\u00a0\u00a0\u00a0\u00a0\u00a0\u00a0\u00a0 260,000.00<\/td>\n<\/tr>\n<tr>\n<td width=\"39%\">&nbsp;<\/td>\n<td width=\"32%\"><strong>TOTAL DEL FONDO<\/strong><\/td>\n<td width=\"28%\"><strong>\u00a0$\u00a0\u00a0 8,538,242.55 <\/strong><\/td>\n<\/tr>\n<tr>\n<td width=\"39%\">FONDO GENERAL DE PARTICIPACIONES<\/td>\n<td width=\"32%\">SERVICIOS PERSONALES<\/td>\n<td width=\"28%\">\u00a0$\u00a0\u00a0\u00a0 14,598,598.69<\/td>\n<\/tr>\n<tr>\n<td width=\"39%\">FONDO GENERAL DE PARTICIPACIONES<\/td>\n<td width=\"32%\">MATERIALES Y SUMINISTROS<\/td>\n<td width=\"28%\">\u00a0$\u00a0\u00a0\u00a0\u00a0\u00a0\u00a0\u00a0\u00a0\u00a0\u00a0 20,000.00<\/td>\n<\/tr>\n<tr>\n<td width=\"39%\">FONDO GENERAL DE PARTICIPACIONES<\/td>\n<td width=\"32%\">SERVICIOS GENERALES<\/td>\n<td width=\"28%\">\u00a0$\u00a0\u00a0\u00a0\u00a0\u00a0\u00a0\u00a0\u00a0 316,405.31<\/td>\n<\/tr>\n<tr>\n<td width=\"39%\">FONDO GENERAL DE PARTICIPACIONES<\/td>\n<td width=\"32%\">TRANSFERENCIAS, ASIGNACIONES, SUBSIDIOS Y OTRAS AYUDAS<\/td>\n<td width=\"28%\">\u00a0$\u00a0\u00a0\u00a0\u00a0\u00a0\u00a0\u00a0\u00a0 220,704.00<\/td>\n<\/tr>\n<tr>\n<td width=\"39%\">&nbsp;<\/td>\n<td width=\"32%\"><strong>TOTAL DEL FONDO <\/strong><\/td>\n<td width=\"28%\"><strong>\u00a0$15,155,708.00 <\/strong><\/td>\n<\/tr>\n<tr>\n<td width=\"39%\">FONDO DE FOMENTO MUNICIPAL<\/td>\n<td width=\"32%\">SERVICIOS PERSONALES<\/td>\n<td width=\"28%\">\u00a0$\u00a0\u00a0\u00a0\u00a0\u00a0 5,211,082.00<\/td>\n<\/tr>\n<tr>\n<td width=\"39%\">FONDO DE FOMENTO MUNICIPAL<\/td>\n<td width=\"32%\">TRANSFERENCIAS, ASIGNACIONES, SUBSIDIOS Y OTRAS AYUDAS<\/td>\n<td width=\"28%\">\u00a0$\u00a0\u00a0\u00a0\u00a0\u00a0 1,691,236.00<\/td>\n<\/tr>\n<tr>\n<td width=\"39%\">&nbsp;<\/td>\n<td width=\"32%\"><strong>TOTAL DEL FONDO<\/strong><\/td>\n<td width=\"28%\"><strong>\u00a0$\u00a0\u00a0 6,902,318.00 <\/strong><\/td>\n<\/tr>\n<tr>\n<td width=\"39%\">IMPUESTO ESPECIAL SOBRE PRODUCCI\u00d3N Y SERVICIOS<\/td>\n<td width=\"32%\">MATERIALES Y SUMINISTROS<\/td>\n<td width=\"28%\">\u00a0$\u00a0\u00a0\u00a0\u00a0\u00a0\u00a0\u00a0\u00a0 308,956.00<\/td>\n<\/tr>\n<tr>\n<td width=\"39%\">IMPUESTO ESPECIAL SOBRE PRODUCCI\u00d3N Y SERVICIOS<\/td>\n<td width=\"32%\">SERVICIOS GENERALES<\/td>\n<td width=\"28%\">\u00a0$\u00a0\u00a0\u00a0\u00a0\u00a0\u00a0\u00a0\u00a0\u00a0\u00a0 15,000.00<\/td>\n<\/tr>\n<tr>\n<td width=\"39%\">&nbsp;<\/td>\n<td width=\"32%\"><strong>TOTAL DEL FONDO <\/strong><\/td>\n<td width=\"28%\"><strong>\u00a0$\u00a0\u00a0\u00a0\u00a0\u00a0 323,956.00 <\/strong><\/td>\n<\/tr>\n<tr>\n<td width=\"39%\">IMPUESTO SOBRE AUTOM\u00d3VILES NUEVOS<\/td>\n<td width=\"32%\">MATERIALES Y SUMINISTROS<\/td>\n<td width=\"28%\">\u00a0$\u00a0\u00a0\u00a0\u00a0\u00a0\u00a0\u00a0\u00a0\u00a0\u00a0 99,745.00<\/td>\n<\/tr>\n<tr>\n<td width=\"39%\">IMPUESTO SOBRE AUTOM\u00d3VILES NUEVOS<\/td>\n<td width=\"32%\">SERVICIOS GENERALES<\/td>\n<td width=\"28%\">\u00a0$\u00a0\u00a0\u00a0\u00a0\u00a0\u00a0\u00a0\u00a0\u00a0\u00a0 20,000.00<\/td>\n<\/tr>\n<tr>\n<td width=\"39%\">&nbsp;<\/td>\n<td width=\"32%\"><strong>TOTAL DEL FONDO<\/strong><\/td>\n<td width=\"28%\"><strong>\u00a0$\u00a0\u00a0\u00a0\u00a0\u00a0 119,745.00 <\/strong><\/td>\n<\/tr>\n<tr>\n<td width=\"39%\">FONDO DE FISCALIZACI\u00d3N Y RECAUDACI\u00d3N<\/td>\n<td width=\"32%\">SERVICIOS PERSONALES<\/td>\n<td width=\"28%\">\u00a0$\u00a0\u00a0\u00a0\u00a0\u00a0\u00a0\u00a0\u00a0 431,993.33<\/td>\n<\/tr>\n<tr>\n<td width=\"39%\">FONDO DE FISCALIZACI\u00d3N Y RECAUDACI\u00d3N<\/td>\n<td width=\"32%\">MATERIALES Y SUMINISTROS<\/td>\n<td width=\"28%\">\u00a0$\u00a0\u00a0\u00a0\u00a0\u00a0\u00a0\u00a0\u00a0 140,805.07<\/td>\n<\/tr>\n<tr>\n<td width=\"39%\">FONDO DE FISCALIZACI\u00d3N Y RECAUDACI\u00d3N<\/td>\n<td width=\"32%\">SERVICIOS GENERALES<\/td>\n<td width=\"28%\">\u00a0$\u00a0\u00a0\u00a0\u00a0\u00a0\u00a0\u00a0\u00a0 325,462.50<\/td>\n<\/tr>\n<tr>\n<td width=\"39%\">FONDO DE FISCALIZACI\u00d3N Y RECAUDACI\u00d3N<\/td>\n<td width=\"32%\">TRANSFERENCIAS, ASIGNACIONES, SUBSIDIOS Y OTRAS AYUDAS<\/td>\n<td width=\"28%\">\u00a0$\u00a0\u00a0\u00a0\u00a0\u00a0\u00a0\u00a0\u00a0\u00a0\u00a0\u00a0\u00a0 6,000.00<\/td>\n<\/tr>\n<tr>\n<td width=\"39%\">&nbsp;<\/td>\n<td width=\"32%\"><strong>TOTAL DEL FONDO <\/strong><\/td>\n<td width=\"28%\"><strong>\u00a0$\u00a0\u00a0\u00a0\u00a0\u00a0 904,260.90 <\/strong><\/td>\n<\/tr>\n<tr>\n<td width=\"39%\">FONDO PARA LA INFRAESTRUCTURA SOCIAL MUNICIPAL Y DE LAS DEMARCACIONES TERRITORIALES DEL DISTRITO FEDERAL<\/td>\n<td width=\"32%\">INVERSI\u00d3N PUBLICA<\/td>\n<td width=\"28%\">\u00a0$\u00a0\u00a0\u00a0\u00a0\u00a0 5,681,735.00<\/td>\n<\/tr>\n<tr>\n<td width=\"39%\">&nbsp;<\/td>\n<td width=\"32%\"><strong>TOTAL DEL FONDO <\/strong><\/td>\n<td width=\"28%\"><strong>\u00a0$\u00a0\u00a0 5,681,735.00 <\/strong><\/td>\n<\/tr>\n<tr>\n<td width=\"39%\">FONDO DE APORTACIONES PARA EL FORTALECIMIENTO DE LOS MUNICIPIOS Y DE LAS DEMARCACIONES TERRITORIALES DEL DISTRITO FEDERAL<\/td>\n<td width=\"32%\">SERVICIOS PERSONALES<\/td>\n<td width=\"28%\">\u00a0$\u00a0\u00a0\u00a0\u00a0\u00a0 4,927,871.93<\/td>\n<\/tr>\n<tr>\n<td width=\"39%\">FONDO DE APORTACIONES PARA EL FORTALECIMIENTO DE LOS MUNICIPIOS Y DE LAS DEMARCACIONES TERRITORIALES DEL DISTRITO FEDERAL<\/td>\n<td width=\"32%\">MATERIALES Y SUMINISTROS<\/td>\n<td width=\"28%\">\u00a0$\u00a0\u00a0\u00a0\u00a0\u00a0 2,019,153.39<\/td>\n<\/tr>\n<tr>\n<td width=\"39%\">FONDO DE APORTACIONES PARA EL FORTALECIMIENTO DE LOS MUNICIPIOS Y DE LAS DEMARCACIONES TERRITORIALES DEL DISTRITO FEDERAL<\/td>\n<td width=\"32%\">SERVICIOS GENERALES<\/td>\n<td width=\"28%\">\u00a0$\u00a0\u00a0\u00a0\u00a0\u00a0 3,178,341.68<\/td>\n<\/tr>\n<tr>\n<td width=\"39%\">FONDO DE APORTACIONES PARA EL FORTALECIMIENTO DE LOS MUNICIPIOS Y DE LAS DEMARCACIONES TERRITORIALES DEL DISTRITO FEDERAL<\/td>\n<td width=\"32%\">BIENES MUEBLES, INMUEBLES E INTANGIBLES<\/td>\n<td width=\"28%\">\u00a0$\u00a0\u00a0\u00a0\u00a0\u00a0\u00a0\u00a0\u00a0\u00a0\u00a0 40,000.00<\/td>\n<\/tr>\n<tr>\n<td width=\"39%\">&nbsp;<\/td>\n<td width=\"32%\"><strong>TOTAL DEL FONDO <\/strong><\/td>\n<td width=\"28%\"><strong>\u00a0$10,165,367.00 <\/strong><\/td>\n<\/tr>\n<tr>\n<td width=\"39%\">INCENTIVOS A LA VENTA FINAL GASOLINA Y DIESEL<\/td>\n<td width=\"32%\">MATERIALES Y SUMINISTROS<\/td>\n<td width=\"28%\">\u00a0$\u00a0\u00a0\u00a0\u00a0\u00a0\u00a0\u00a0\u00a0 509,115.00<\/td>\n<\/tr>\n<tr>\n<td width=\"39%\">INCENTIVOS A LA VENTA FINAL GASOLINA Y DIESEL<\/td>\n<td width=\"32%\">SERVICIOS GENERALES<\/td>\n<td width=\"28%\">\u00a0$\u00a0\u00a0\u00a0\u00a0\u00a0\u00a0\u00a0\u00a0\u00a0\u00a0 30,000.00<\/td>\n<\/tr>\n<tr>\n<td width=\"39%\">&nbsp;<\/td>\n<td width=\"32%\"><strong>TOTAL DEL FONDO <\/strong><\/td>\n<td width=\"28%\"><strong>\u00a0$\u00a0\u00a0\u00a0\u00a0\u00a0 539,115.00 <\/strong><\/td>\n<\/tr>\n<tr>\n<td width=\"39%\">FONDO DE COMPENSACION SOBRE AUTOMOVILES NUEVOS<\/td>\n<td width=\"32%\">MATERIALES Y SUMINISTROS<\/td>\n<td width=\"28%\">\u00a0$\u00a0\u00a0\u00a0\u00a0\u00a0\u00a0\u00a0\u00a0\u00a0\u00a0 24,421.00<\/td>\n<\/tr>\n<tr>\n<td width=\"39%\">&nbsp;<\/td>\n<td width=\"32%\"><strong>TOTAL DEL FONDO <\/strong><\/td>\n<td width=\"28%\"><strong>\u00a0$\u00a0\u00a0\u00a0\u00a0\u00a0\u00a0\u00a0 24,421.00 <\/strong><\/td>\n<\/tr>\n<tr>\n<td width=\"39%\">PARTICIPACION POR LA RECAUDACION OBTENIDA DEL IMPUESTO SOBRE LA RENTA ENTERADO A LA FEDERACION<\/td>\n<td width=\"32%\">MATERIALES Y SUMINISTROS<\/td>\n<td width=\"28%\">\u00a0$\u00a0\u00a0\u00a0\u00a0\u00a0\u00a0\u00a0\u00a0 246,388.04<\/td>\n<\/tr>\n<tr>\n<td width=\"39%\">PARTICIPACION POR LA RECAUDACION OBTENIDA DEL IMPUESTO SOBRE LA RENTA ENTERADO A LA FEDERACION<\/td>\n<td width=\"32%\">SERVICIOS GENERALES<\/td>\n<td width=\"28%\">\u00a0$\u00a0\u00a0\u00a0\u00a0\u00a0 1,038,484.30<\/td>\n<\/tr>\n<tr>\n<td width=\"39%\">PARTICIPACION POR LA RECAUDACION OBTENIDA DEL IMPUESTO SOBRE LA RENTA ENTERADO A LA FEDERACION<\/td>\n<td width=\"32%\">TRANSFERENCIAS, ASIGNACIONES, SUBSIDIOS Y OTRAS AYUDAS<\/td>\n<td width=\"28%\">\u00a0$\u00a0\u00a0\u00a0\u00a0\u00a0\u00a0\u00a0\u00a0\u00a0\u00a0\u00a0\u00a0 5,000.00<\/td>\n<\/tr>\n<tr>\n<td width=\"39%\">PARTICIPACION POR LA RECAUDACION OBTENIDA DEL IMPUESTO SOBRE LA RENTA ENTERADO A LA FEDERACION<\/td>\n<td width=\"32%\">BIENES MUEBLES, INMUEBLES E INTANGIBLES<\/td>\n<td width=\"28%\">\u00a0$\u00a0\u00a0\u00a0\u00a0\u00a0\u00a0\u00a0\u00a0\u00a0\u00a0 32,973.00<\/td>\n<\/tr>\n<tr>\n<td width=\"39%\">&nbsp;<\/td>\n<td width=\"32%\"><strong>TOTAL DEL FONDO <\/strong><\/td>\n<td width=\"28%\"><strong>\u00a0$\u00a0\u00a0 1,322,845.34 <\/strong><\/td>\n<\/tr>\n<tr>\n<td width=\"39%\">PROGRAMA MUNICIPAL DE GESTION PARA EL DESARROLLO INTEGRAL DE LAS MUJERES<\/td>\n<td width=\"32%\">MATERIALES Y SUMINISTROS<\/td>\n<td width=\"28%\">\u00a0$\u00a0\u00a0\u00a0\u00a0\u00a0\u00a0\u00a0\u00a0\u00a0\u00a0\u00a0\u00a0 7,500.00<\/td>\n<\/tr>\n<tr>\n<td width=\"39%\">PROGRAMA MUNICIPAL DE GESTION PARA EL DESARROLLO INTEGRAL DE LAS MUJERES<\/td>\n<td width=\"32%\">SERVICIOS GENERALES<\/td>\n<td width=\"28%\">\u00a0$\u00a0\u00a0\u00a0\u00a0\u00a0\u00a0\u00a0\u00a0 153,500.00<\/td>\n<\/tr>\n<tr>\n<td width=\"39%\">PROGRAMA MUNICIPAL DE GESTION PARA EL DESARROLLO INTEGRAL DE LAS MUJERES<\/td>\n<td width=\"32%\">BIENES MUEBLES, INMUEBLES E INTANGIBLES<\/td>\n<td width=\"28%\">\u00a0$\u00a0\u00a0\u00a0\u00a0\u00a0\u00a0\u00a0\u00a0\u00a0\u00a0 38,000.00<\/td>\n<\/tr>\n<tr>\n<td width=\"39%\">&nbsp;<\/td>\n<td width=\"32%\"><strong>TOTAL DEL FONDO <\/strong><\/td>\n<td width=\"28%\"><strong>\u00a0$\u00a0\u00a0\u00a0\u00a0\u00a0 199,000.00 <\/strong><\/td>\n<\/tr>\n<tr>\n<td width=\"39%\">FONDO DE ESTABILIZACION DE LOS INGRESOS DE LAS ENTIDADES FEDERATIVAS<\/td>\n<td width=\"32%\">SERVICIOS GENERALES<\/td>\n<td width=\"28%\">\u00a0$\u00a0\u00a0\u00a0\u00a0\u00a0\u00a0\u00a0\u00a0 220,336.79<\/td>\n<\/tr>\n<tr>\n<td width=\"39%\">FONDO DE ESTABILIZACION DE LOS INGRESOS DE LAS ENTIDADES FEDERATIVAS<\/td>\n<td width=\"32%\">TRANSFERENCIAS, ASIGNACIONES, SUBSIDIOS Y OTRAS AYUDAS<\/td>\n<td width=\"28%\">\u00a0$\u00a0\u00a0\u00a0\u00a0\u00a0\u00a0\u00a0\u00a0 100,000.00<\/td>\n<\/tr>\n<tr>\n<td width=\"39%\">&nbsp;<\/td>\n<td width=\"32%\"><strong>TOTAL DEL FONDO <\/strong><\/td>\n<td width=\"28%\"><strong>\u00a0$\u00a0\u00a0\u00a0\u00a0\u00a0 320,336.79 <\/strong><\/td>\n<\/tr>\n<tr>\n<td colspan=\"2\" width=\"71%\"><strong>TOTAL DEL PRESUPUESTO DE EGRESOS 2019:<\/strong><\/td>\n<td width=\"28%\"><strong>\u00a0$50,197,050.58 <\/strong><\/td>\n<\/tr>\n<\/tbody>\n<\/table>\n<p>&nbsp;<\/p>\n<p>POR LO TANTO, EN T\u00c9RMINOS DE LO QUE SE ESTABLECE EN LA NORMATIVIDAD VIGENTE EN LA MATERIA, SE APRUEBA LA MODIFICACION DEL PRESUPUESTO DE EGRESOS PARA EL EJERCICIO FISCAL 2019, POR UN MONTO TOTAL DE <strong>$50,197,050.58 PESOS <\/strong>\u00a0(<strong>CINCUENTA MILLONES CIENTO NOVENTA Y SIETE MIL CINCUENTA PESOS 58\/100 M.N.<\/strong>), DE ACUERDO CON EL MONTO QUE SE PRETENDE PERCIBIR EN FUNCI\u00d3N DE LO ESTABLECIDO EN LA LEY DE INGRESOS PARA EL EJERCICIO FISCAL 2019 &#8212;&#8212;&#8212;&#8212;&#8212;&#8212;&#8212;&#8212;&#8212;&#8212;&#8212;&#8212;&#8212;&#8212;&#8212;&#8212;&#8212;&#8212;&#8212;&#8212;&#8212;&#8212;&#8212;&#8212;&#8212;&#8212;&#8212;&#8212;&#8212;&#8212;&#8212;&#8212;&#8212;&#8212;&#8212;&#8212;&#8212;<\/p>\n<p>&nbsp;<\/p>\n<p>ADJUNTO A LA PRESENTE ACTA DE APROBACI\u00d3N, SE INTEGRAN LOS ANEXOS QUE CONTIENEN EL MONTO DESAGREGADO EN LOS RESPECTIVOS: CLASIFICADOR POR OBJETO DEL GASTO, CLASIFICACI\u00d3N ADMINISTRATIVA, PROGRAM\u00c1TICA, EL RESUMEN POR CAPITULO DEL GASTO, EL CLASIFICADOR\u00a0 POR TIPO DE GASTO, EL CLASIFICADOR FUNCIONAL, LOS ANAL\u00cdTICOS DE PLAZAS, DIETAS Y SERVICIOS PERSONALES, EL PRESUPUESTO POR PROGRAMA Y SUBPROGRAMAS; Y EL CALENDARIO DE PRESUPUESTO DE EGRESOS BASE MENSUAL, MISMOS QUE FORMAN PARTE INTEGRAL DE ESTA ACTA.&#8212;&#8212;&#8212;&#8212;&#8212;&#8212;&#8212;&#8212;&#8212;<\/p>\n<p>&nbsp;<\/p>\n<p>NO HABIENDO OTRO ASUNTO QUE TRATAR, SE CIERRA LA PRESENTE ACTA, SIENDO LAS 15:00 HORAS DEL D\u00cdA 06 DEL MISMO MES Y A\u00d1O, <strong>FIRMANDO DE CONFORMIDAD LOS QUE EN ELLA INTERVINIERON AL MARGEN Y AL CALCE EN TODAS LAS FOJAS DE LA PRESENTE ACTA, AS\u00cd COMO EN TODOS LOS ANEXOS QUE LA INTEGRAN.<\/strong> &#8212;&#8212;&#8212;&#8212;&#8212;&#8212;&#8212;&#8212;&#8212;<\/p>\n<table>\n<tbody>\n<tr>\n<td width=\"288\">&nbsp;<\/p>\n<p>&nbsp;<\/p>\n<p>C. JAIME SOTO JARILLO<\/td>\n<td width=\"288\">&nbsp;<\/p>\n<p>&nbsp;<\/p>\n<p>LIC. DANIA OCAMPO LOPEZ<\/td>\n<\/tr>\n<tr>\n<td width=\"288\">PRESIDENTE MUNICIPAL CONSTITUCIONAL<\/p>\n<p>R\u00daBRICA<\/td>\n<td width=\"288\">S\u00cdNDICO PROCURADOR.<\/p>\n<p>&nbsp;<\/td>\n<\/tr>\n<\/tbody>\n<\/table>\n<p>&nbsp;<\/p>\n<p>&nbsp;<\/p>\n<p>C.RAUL GAMERO FLORES\u00a0\u00a0\u00a0\u00a0 \u00a0\u00a0\u00a0\u00a0\u00a0\u00a0\u00a0\u00a0\u00a0\u00a0\u00a0\u00a0\u00a0\u00a0\u00a0\u00a0\u00a0\u00a0\u00a0\u00a0\u00a0\u00a0\u00a0\u00a0 C. ARTURO MARTINEZ CABRERA<\/p>\n<p>REGIDOR\u00a0 \u00a0\u00a0\u00a0\u00a0\u00a0\u00a0\u00a0\u00a0\u00a0\u00a0\u00a0\u00a0\u00a0\u00a0\u00a0\u00a0\u00a0\u00a0\u00a0\u00a0\u00a0\u00a0\u00a0\u00a0\u00a0\u00a0\u00a0\u00a0\u00a0\u00a0\u00a0\u00a0\u00a0\u00a0\u00a0\u00a0\u00a0\u00a0\u00a0\u00a0\u00a0\u00a0\u00a0\u00a0\u00a0\u00a0\u00a0\u00a0\u00a0\u00a0\u00a0\u00a0 \u00a0\u00a0\u00a0\u00a0\u00a0\u00a0\u00a0\u00a0\u00a0\u00a0\u00a0REGIDOR<\/p>\n<p>R\u00daBRICA\u00a0\u00a0\u00a0\u00a0\u00a0\u00a0\u00a0\u00a0\u00a0\u00a0\u00a0\u00a0\u00a0\u00a0\u00a0\u00a0\u00a0\u00a0\u00a0\u00a0\u00a0\u00a0\u00a0\u00a0\u00a0\u00a0\u00a0\u00a0\u00a0\u00a0\u00a0\u00a0\u00a0\u00a0\u00a0\u00a0\u00a0\u00a0\u00a0\u00a0\u00a0\u00a0\u00a0\u00a0\u00a0\u00a0\u00a0\u00a0\u00a0\u00a0\u00a0\u00a0\u00a0\u00a0\u00a0 \u00a0\u00a0\u00a0\u00a0\u00a0\u00a0\u00a0\u00a0\u00a0\u00a0 R\u00daBRICA<\/p>\n<p>&nbsp;<\/p>\n<p>&nbsp;<\/p>\n<p>C.OSCAR FUENTES ORTIZ\u00a0\u00a0\u00a0\u00a0\u00a0 \u00a0\u00a0\u00a0\u00a0\u00a0\u00a0\u00a0\u00a0 \u00a0\u00a0\u00a0\u00a0\u00a0\u00a0\u00a0\u00a0\u00a0\u00a0PROFA. BELEM LETICIA CASTILLO VELAZQUEZ<\/p>\n<p>REGIDOR\u00a0\u00a0\u00a0\u00a0\u00a0\u00a0\u00a0\u00a0\u00a0\u00a0\u00a0\u00a0\u00a0\u00a0\u00a0\u00a0\u00a0\u00a0\u00a0\u00a0\u00a0\u00a0\u00a0\u00a0\u00a0\u00a0\u00a0\u00a0\u00a0\u00a0\u00a0\u00a0\u00a0\u00a0\u00a0\u00a0\u00a0\u00a0\u00a0\u00a0\u00a0\u00a0\u00a0\u00a0\u00a0\u00a0\u00a0\u00a0\u00a0\u00a0\u00a0\u00a0\u00a0\u00a0 \u00a0\u00a0\u00a0\u00a0 \u00a0\u00a0\u00a0REGIDORA<\/p>\n<p>R\u00daBRICA \u00a0\u00a0\u00a0\u00a0\u00a0\u00a0\u00a0\u00a0\u00a0\u00a0\u00a0\u00a0\u00a0\u00a0\u00a0\u00a0\u00a0\u00a0\u00a0\u00a0\u00a0\u00a0\u00a0\u00a0\u00a0\u00a0\u00a0\u00a0\u00a0\u00a0\u00a0\u00a0\u00a0\u00a0\u00a0\u00a0\u00a0\u00a0\u00a0\u00a0\u00a0\u00a0\u00a0\u00a0\u00a0\u00a0\u00a0\u00a0\u00a0\u00a0\u00a0\u00a0\u00a0\u00a0 \u00a0\u00a0\u00a0\u00a0\u00a0\u00a0\u00a0\u00a0R\u00daBRICA<\/p>\n<p>&nbsp;<\/p>\n<p>&nbsp;<\/p>\n<p>LIC. ALEJANDRA ARMENTA ORTIZ \u00a0\u00a0 \u00a0\u00a0\u00a0\u00a0\u00a0\u00a0\u00a0MTRO. CRISTIHAN FABIAN GARCIA LOPEZ<\/p>\n<p>REGIDORA\u00a0 \u00a0\u00a0\u00a0\u00a0\u00a0\u00a0\u00a0\u00a0\u00a0\u00a0\u00a0\u00a0\u00a0\u00a0\u00a0\u00a0\u00a0\u00a0\u00a0\u00a0\u00a0\u00a0\u00a0\u00a0\u00a0\u00a0\u00a0\u00a0\u00a0\u00a0\u00a0\u00a0\u00a0\u00a0\u00a0\u00a0\u00a0\u00a0\u00a0\u00a0\u00a0\u00a0\u00a0\u00a0\u00a0\u00a0\u00a0\u00a0\u00a0\u00a0 \u00a0\u00a0\u00a0\u00a0\u00a0\u00a0\u00a0\u00a0REGIDOR<\/p>\n<p>R\u00daBRICA\u00a0\u00a0\u00a0\u00a0\u00a0\u00a0\u00a0\u00a0\u00a0\u00a0\u00a0\u00a0\u00a0\u00a0\u00a0\u00a0\u00a0\u00a0\u00a0\u00a0\u00a0\u00a0\u00a0\u00a0\u00a0\u00a0\u00a0\u00a0\u00a0\u00a0\u00a0\u00a0\u00a0\u00a0\u00a0\u00a0\u00a0\u00a0\u00a0\u00a0\u00a0\u00a0\u00a0\u00a0\u00a0\u00a0\u00a0\u00a0\u00a0\u00a0\u00a0\u00a0\u00a0\u00a0\u00a0 \u00a0\u00a0\u00a0\u00a0\u00a0\u00a0\u00a0 R\u00daBRICA<\/p>\n<p>&nbsp;<\/p>\n<p>&nbsp;<\/p>\n<ol>\n<li>JUAN GOMEZ SOTO PROF. MODESTO ARMENTA MARTINEZ<\/li>\n<\/ol>\n<p>REGIDOR\u00a0\u00a0\u00a0\u00a0\u00a0\u00a0\u00a0\u00a0\u00a0\u00a0\u00a0\u00a0\u00a0\u00a0\u00a0\u00a0\u00a0\u00a0\u00a0\u00a0\u00a0\u00a0\u00a0\u00a0\u00a0\u00a0\u00a0\u00a0\u00a0\u00a0\u00a0\u00a0\u00a0\u00a0\u00a0\u00a0\u00a0\u00a0\u00a0\u00a0\u00a0\u00a0\u00a0\u00a0\u00a0\u00a0\u00a0\u00a0\u00a0\u00a0\u00a0\u00a0\u00a0\u00a0\u00a0 \u00a0\u00a0\u00a0\u00a0\u00a0\u00a0\u00a0\u00a0\u00a0 \u00a0\u00a0\u00a0\u00a0\u00a0\u00a0\u00a0\u00a0\u00a0\u00a0REGIDOR<\/p>\n<p>R\u00daBRICA\u00a0\u00a0\u00a0\u00a0\u00a0\u00a0\u00a0\u00a0\u00a0\u00a0\u00a0\u00a0\u00a0\u00a0\u00a0\u00a0\u00a0\u00a0\u00a0\u00a0\u00a0\u00a0\u00a0\u00a0\u00a0\u00a0\u00a0\u00a0\u00a0\u00a0\u00a0\u00a0\u00a0\u00a0\u00a0\u00a0\u00a0\u00a0\u00a0\u00a0\u00a0\u00a0\u00a0\u00a0 \u00a0\u00a0\u00a0\u00a0\u00a0\u00a0\u00a0\u00a0\u00a0\u00a0\u00a0\u00a0\u00a0\u00a0\u00a0\u00a0\u00a0\u00a0\u00a0\u00a0\u00a0\u00a0\u00a0\u00a0\u00a0\u00a0\u00a0\u00a0\u00a0\u00a0\u00a0\u00a0 R\u00daBRICA<\/p>\n<p>&nbsp;<\/p>\n<p>&nbsp;<\/p>\n<p>C.ELIZABETH MOCTEZUMA RAMIREZ<\/p>\n<p>REGIDORA<\/p>\n<p>R\u00daBRICA<\/p>\n<p>&nbsp;<\/p>\n<p>&nbsp;<\/p>\n<p>Derechos enterados 19-12-2019<\/p>\n<hr \/>\n<p style=\"text-align: justify;\"><span style=\"font-size: 16px;\"><a href=\"https:\/\/periodico.hidalgo.gob.mx\/?tribe_events=Periodico-Oficial-Alcance-7-del-30-de-diciembre-de-2019\">Peri\u00f3dico Oficial Alcance 7 del 30 de diciembre de 2019<\/a><\/span><\/p>\n<p style=\"text-align: justify;\"><span style=\"font-size: 16px;\">Esto es un extracto, por lo que en el documento que est\u00e1 visualizando puede haber texto, caracteres, im\u00e1genes u objetos que no se muestren debido a la conversi\u00f3n a formato HTML, por lo que le recomendamos tomar siempre como referencia el archivo PDF de la edici\u00f3n.<\/span><\/p>\n","protected":false},"excerpt":{"rendered":"<p>Documento contenido en el Peri\u00f3dico Oficial Alcance 7 del 30 de diciembre de 2019 Edici\u00f3n: Alcance 7 N\u00famero: 52 P\u00e1ginas: 104 Contenido: Municipio de Mineral del Monte, Hidalgo. &#8211; Acta [&hellip;]<\/p>\n","protected":false},"author":1,"featured_media":0,"comment_status":"closed","ping_status":"closed","sticky":false,"template":"","format":"standard","meta":{"footnotes":""},"categories":[1],"tags":[917,354,608,261,482,668,189,316,516,276,474,371,410,77,692,78,160,388,65,1027,831,80,424,102,57,596,553,125,274,220,1120,730,55,85,174,258,159,190,99,391,965,732,375,393,46,263,146,1081],"class_list":["post-34280","post","type-post","status-publish","format-standard","hentry","category-uncategorized","tag-aprobacion","tag-ayuntamiento","tag-bienes","tag-bis","tag-concepto","tag-constitucional","tag-del-distrito","tag-del-estado","tag-del-monte","tag-del-municipio","tag-derechos","tag-desarrollo","tag-desarrollo-integral","tag-diciembre","tag-distrito","tag-ejercicio","tag-ejercicio-fiscal","tag-el-periodico-oficial","tag-estado","tag-estados","tag-estados-unidos","tag-estados-unidos-mexicanos","tag-fiscales","tag-hgo","tag-hidalgo","tag-horas","tag-ingresos","tag-junio","tag-las","tag-ley","tag-ley-organica-municipal","tag-mineral","tag-municipal","tag-municipio","tag-municipios","tag-ocampo","tag-oficial","tag-periodico","tag-periodico-oficial","tag-presente","tag-presidente","tag-presidente-municipal","tag-presidente-municipal-constitucional","tag-presupuesto","tag-presupuesto-de-egresos","tag-programa","tag-servicios","tag-subprogramas"],"_links":{"self":[{"href":"https:\/\/periodico.hidalgo.gob.mx\/index.php?rest_route=\/wp\/v2\/posts\/34280","targetHints":{"allow":["GET"]}}],"collection":[{"href":"https:\/\/periodico.hidalgo.gob.mx\/index.php?rest_route=\/wp\/v2\/posts"}],"about":[{"href":"https:\/\/periodico.hidalgo.gob.mx\/index.php?rest_route=\/wp\/v2\/types\/post"}],"author":[{"embeddable":true,"href":"https:\/\/periodico.hidalgo.gob.mx\/index.php?rest_route=\/wp\/v2\/users\/1"}],"replies":[{"embeddable":true,"href":"https:\/\/periodico.hidalgo.gob.mx\/index.php?rest_route=%2Fwp%2Fv2%2Fcomments&post=34280"}],"version-history":[{"count":0,"href":"https:\/\/periodico.hidalgo.gob.mx\/index.php?rest_route=\/wp\/v2\/posts\/34280\/revisions"}],"wp:attachment":[{"href":"https:\/\/periodico.hidalgo.gob.mx\/index.php?rest_route=%2Fwp%2Fv2%2Fmedia&parent=34280"}],"wp:term":[{"taxonomy":"category","embeddable":true,"href":"https:\/\/periodico.hidalgo.gob.mx\/index.php?rest_route=%2Fwp%2Fv2%2Fcategories&post=34280"},{"taxonomy":"post_tag","embeddable":true,"href":"https:\/\/periodico.hidalgo.gob.mx\/index.php?rest_route=%2Fwp%2Fv2%2Ftags&post=34280"}],"curies":[{"name":"wp","href":"https:\/\/api.w.org\/{rel}","templated":true}]}}