{"id":34274,"date":"2019-12-30T15:01:23","date_gmt":"2019-12-30T21:01:23","guid":{"rendered":"https:\/\/periodico.hidalgo.gob.mx\/?p=34274"},"modified":"2019-12-30T15:01:23","modified_gmt":"2019-12-30T21:01:23","slug":"municipio-de-mixquiahuala-de-juarez-hidalgo-acta-de-aprobacion-del-presupuesto-de-egresos-para-el-ejercicio-fiscal-2020","status":"publish","type":"post","link":"https:\/\/periodico.hidalgo.gob.mx\/?p=34274","title":{"rendered":"Municipio de Mixquiahuala de Ju\u00e1rez, Hidalgo. &#8211; Acta de aprobaci\u00f3n del Presupuesto de Egresos para el Ejercicio Fiscal 2020."},"content":{"rendered":"<p><span style=\"font-size: 20px; color: #001f2f;\"><strong>Documento contenido en el Peri\u00f3dico Oficial Alcance 6 del 30 de diciembre de 2019<\/strong><\/span><\/p>\n<p><span style=\"font-size: 16px;\"><strong>Edici\u00f3n:<\/strong> Alcance 6<\/span><br \/>\n<span style=\"font-size: 16px;\"><strong>N\u00famero:<\/strong> 52<\/span><br \/>\n<span style=\"font-size: 16px;\"><strong>P\u00e1ginas:<\/strong> 98<\/span><\/p>\n<p><span style=\"font-size: 20px;\"><strong>Contenido:<\/strong><\/span><\/p>\n<hr \/>\n<p><a name=\"_Toc28549568\"><\/a>Municipio de Mixquiahuala de Ju\u00e1rez, Hidalgo. &#8211; Acta de aprobaci\u00f3n del Presupuesto de Egresos para el Ejercicio Fiscal 2020.<\/p>\n<p><strong><u>\u00a0<\/u><\/strong><\/p>\n<p><strong><u>Municipio de Mixquiahuala de Ju\u00e1rez, Hidalgo.<\/u><\/strong><\/p>\n<p><strong><u>Acta de aprobaci\u00f3n del Presupuesto de Egresos para el ejercicio 2020.<\/u><\/strong><\/p>\n<p>&nbsp;<\/p>\n<p>de conformidad con los art\u00edculos 115 de la Constituci\u00f3n Pol\u00edtica de los Estados Unidos Mexicanos; 141 fracci\u00f3n X de la Constituci\u00f3n Pol\u00edtica del Estado de Hidalgo; 56 fracci\u00f3n i incisos d) y s), 60 fracci\u00f3n i inciso r) y 95 bis y quinquies de la Ley Org\u00e1nica Municipal para el Estado de Hidalgo , siendo las <u>10:00<\/u> horas del d\u00eda <u>18<\/u> de <u>Diciembre<\/u> de <u>2019<\/u>, reunidos en la sala de cabildo del ayuntamiento del municipio de Mixquiahuala de Ju\u00e1rez, Hgo., los CC. <u>Humberto Pacheco Miralrio<\/u>\u00a0 Presidente Municipal Constitucional; <strong>\u00a0<\/strong><u>Lic. Perla Escamilla Viveros<\/u> S\u00edndico Procurador; as\u00ed como los regidores: <u>Ing. Hyttan Donato Aguilar Bautista, C. Virginia Escamilla Cortes, L.N. Raymundo Neria de la Cruz, L.E.L.I. Erika Citlali Lugo P\u00e9rez, Profr. Adalberto Bruno \u00c1lvarez, Lic. Gabriela Trejo Salvador, Profr. Xavier Flores Pati\u00f1o, C. Miriam G\u00e1lvez Trejo, C. Heriberto Olgu\u00edn Mart\u00ednez, C. Roberto \u00c1ngeles \u00c1lvarez, C. Mar\u00eda del Carmen Barrera Garc\u00eda, y C. Jaime Barrera Estrada<\/u> con la finalidad de analizar y aprobar el Presupuesto de Egresos para el ejercicio fiscal de 2020.<\/p>\n<p>&nbsp;<\/p>\n<p>Acto seguido, se describen los montos presupuestados en cada fuente de financiamiento, quedando como sigue: &#8212;&#8212;&#8212;&#8212;&#8212;&#8212;&#8212;&#8212;&#8212;&#8212;&#8212;&#8212;&#8212;&#8212;&#8212;&#8212;&#8212;&#8212;&#8212;&#8212;&#8212;&#8212;&#8212;&#8212;&#8212;&#8212;&#8212;&#8212;&#8212;&#8212;&#8212;&#8212;&#8212;&#8212;&#8212;&#8212;&#8212;&#8212;&#8211;<\/p>\n<p>&nbsp;<\/p>\n<table width=\"100%\">\n<tbody>\n<tr>\n<td width=\"39%\"><strong><u>Fuente de financiamiento<\/u><\/strong><\/td>\n<td width=\"35%\"><strong><u>Concepto<\/u><\/strong><\/td>\n<td width=\"24%\"><strong><u>Importe<\/u><\/strong><\/td>\n<\/tr>\n<tr>\n<td width=\"39%\">recursos fiscales<\/td>\n<td width=\"35%\">servicios personales<\/td>\n<td width=\"24%\">$\u00a0 1,318,475.90<\/td>\n<\/tr>\n<tr>\n<td width=\"39%\">recursos fiscales<\/td>\n<td width=\"35%\">materiales y suministros<\/td>\n<td width=\"24%\">$\u00a0 6,070,000.00<\/td>\n<\/tr>\n<tr>\n<td width=\"39%\">recursos fiscales<\/td>\n<td width=\"35%\">servicios generales<\/td>\n<td width=\"24%\">$12,311,114.12<\/td>\n<\/tr>\n<tr>\n<td width=\"39%\">recursos fiscales<\/td>\n<td width=\"35%\">transferencias, asignaciones, subsidios y otras ayudas<\/td>\n<td width=\"24%\">$\u00a0 4,628,000.00<\/td>\n<\/tr>\n<tr>\n<td width=\"39%\">&nbsp;<\/td>\n<td width=\"35%\"><strong>Total del fondo<\/strong><\/td>\n<td width=\"24%\"><strong>$24,327,590.02<\/strong><\/td>\n<\/tr>\n<tr>\n<td width=\"39%\">fondo general de participaciones<\/td>\n<td width=\"35%\">servicios personales<\/td>\n<td width=\"24%\">$29,081,525.30<\/td>\n<\/tr>\n<tr>\n<td width=\"39%\">fondo general de participaciones<\/td>\n<td width=\"35%\">transferencias, asignaciones, subsidios y otras ayudas<\/td>\n<td width=\"24%\">$\u00a0 1,045,527.70<\/td>\n<\/tr>\n<tr>\n<td width=\"39%\">&nbsp;<\/td>\n<td width=\"35%\"><strong>Total del fondo <\/strong><\/td>\n<td width=\"24%\"><strong>$30,127,053.00<\/strong><\/td>\n<\/tr>\n<tr>\n<td width=\"39%\">fondo de fomento municipal<\/td>\n<td width=\"35%\">servicios personales<\/td>\n<td width=\"24%\">$13,934,803.60<\/td>\n<\/tr>\n<tr>\n<td width=\"39%\">fondo de fomento municipal<\/td>\n<td width=\"35%\">materiales y suministros<\/td>\n<td width=\"24%\">$\u00a0\u00a0\u00a0\u00a0\u00a0\u00a0 36,450.40<\/td>\n<\/tr>\n<tr>\n<td width=\"39%\">&nbsp;<\/td>\n<td width=\"35%\"><strong>Total del fondo<\/strong><\/td>\n<td width=\"24%\"><strong>$13,971,254.00<\/strong><\/td>\n<\/tr>\n<tr>\n<td width=\"39%\">impuesto especial sobre producci\u00f3n y servicios<\/td>\n<td width=\"35%\">materiales y suministros<\/td>\n<td width=\"24%\">$\u00a0\u00a0\u00a0\u00a0 286,319.00<\/td>\n<\/tr>\n<tr>\n<td width=\"39%\">impuesto especial sobre producci\u00f3n y servicios<\/td>\n<td width=\"35%\">servicios generales<\/td>\n<td width=\"24%\">$\u00a0\u00a0\u00a0\u00a0 369,758.00<\/td>\n<\/tr>\n<tr>\n<td width=\"39%\">&nbsp;<\/td>\n<td width=\"35%\"><strong>Total del fondo <\/strong><\/td>\n<td width=\"24%\"><strong>$\u00a0\u00a0\u00a0\u00a0 656,077.00<\/strong><\/td>\n<\/tr>\n<tr>\n<td width=\"39%\">incentivo del impuesto especial sobre producci\u00f3n y servicios (gasolina y di\u00e9sel)<\/td>\n<td width=\"35%\">transferencias, asignaciones, subsidios y otras ayudas<\/td>\n<td width=\"24%\">$\u00a0 1,523,573.00<\/td>\n<\/tr>\n<tr>\n<td width=\"39%\">&nbsp;<\/td>\n<td width=\"35%\"><strong>Total del fondo <\/strong><\/td>\n<td width=\"24%\"><strong>$\u00a0 1,523,573.00<\/strong><\/td>\n<\/tr>\n<tr>\n<td width=\"39%\">impuesto sobre autom\u00f3viles nuevos<\/td>\n<td width=\"35%\">materiales y suministros<\/td>\n<td width=\"24%\">$\u00a0\u00a0\u00a0\u00a0 238,194.00<\/td>\n<\/tr>\n<tr>\n<td width=\"39%\">&nbsp;<\/td>\n<td width=\"35%\"><strong>Total del fondo<\/strong><\/td>\n<td width=\"24%\"><strong>$\u00a0\u00a0\u00a0\u00a0 238,194.00<\/strong><\/td>\n<\/tr>\n<tr>\n<td width=\"39%\">fondo de fiscalizaci\u00f3n y recaudaci\u00f3n<\/td>\n<td width=\"35%\">materiales y suministros<\/td>\n<td width=\"24%\">$\u00a0\u00a0\u00a0\u00a0 716,463.00<\/td>\n<\/tr>\n<tr>\n<td width=\"39%\">fondo de fiscalizaci\u00f3n y recaudaci\u00f3n<\/td>\n<td width=\"35%\">servicios generales<\/td>\n<td width=\"24%\">$\u00a0\u00a0\u00a0\u00a0 376,110.00<\/td>\n<\/tr>\n<tr>\n<td width=\"39%\">&nbsp;<\/td>\n<td width=\"35%\"><strong>Total del fondo <\/strong><\/td>\n<td width=\"24%\"><strong>$\u00a0 1,092,573.00<\/strong><\/td>\n<\/tr>\n<tr>\n<td width=\"39%\">fondo para la infraestructura social municipal y de las demarcaciones territoriales del distrito federal<\/td>\n<td width=\"35%\">inversi\u00f3n publica<\/td>\n<td width=\"24%\">$16,622,518.00<\/td>\n<\/tr>\n<tr>\n<td width=\"39%\">&nbsp;<\/td>\n<td width=\"35%\"><strong>Total del fondo <\/strong><\/td>\n<td width=\"24%\"><strong>$16,622,518.00<\/strong><\/td>\n<\/tr>\n<tr>\n<td width=\"39%\">fondo de aportaciones para el fortalecimiento de los municipios y de las demarcaciones territoriales del distrito federal<\/td>\n<td width=\"35%\">servicios personales<\/td>\n<td width=\"24%\">$12,842,708.90<\/td>\n<\/tr>\n<tr>\n<td width=\"39%\">fondo de aportaciones para el fortalecimiento de los municipios y de las demarcaciones territoriales del distrito federal<\/td>\n<td width=\"35%\">materiales y suministros<\/td>\n<td width=\"24%\">$\u00a0 4,430,000.00<\/td>\n<\/tr>\n<tr>\n<td width=\"39%\">fondo de aportaciones para el fortalecimiento de los municipios y de las demarcaciones territoriales del distrito federal<\/td>\n<td width=\"35%\">servicios generales<\/td>\n<td width=\"24%\">$11,673,029.10<\/td>\n<\/tr>\n<tr>\n<td width=\"39%\">fondo de aportaciones para el fortalecimiento de los municipios y de las demarcaciones territoriales del distrito federal<\/td>\n<td width=\"35%\">transferencias, asignaciones, subsidios y otras ayudas<\/td>\n<td width=\"24%\">$3,150,000.00<\/td>\n<\/tr>\n<tr>\n<td width=\"39%\">&nbsp;<\/td>\n<td width=\"35%\"><strong>Total del fondo <\/strong><\/td>\n<td width=\"24%\"><strong>$32,095,738.00<\/strong><\/td>\n<\/tr>\n<tr>\n<td width=\"39%\">compensaci\u00f3n del impuesto sobre autom\u00f3viles nuevos<\/td>\n<td width=\"35%\">materiales y suministros<\/td>\n<td width=\"24%\">$\u00a0\u00a0\u00a0\u00a0\u00a0\u00a0 50,379.00<\/td>\n<\/tr>\n<tr>\n<td width=\"39%\">&nbsp;<\/td>\n<td width=\"35%\"><strong>total:<\/strong><\/td>\n<td width=\"24%\"><strong>$\u00a0\u00a0\u00a0\u00a0\u00a0\u00a0 50,379.00<\/strong><\/td>\n<\/tr>\n<tr>\n<td colspan=\"2\" width=\"75%\"><strong>Total del presupuesto de egresos 2020:<\/strong><\/td>\n<td width=\"24%\"><strong>$120,704,949.02<\/strong><\/td>\n<\/tr>\n<\/tbody>\n<\/table>\n<p>&nbsp;<\/p>\n<p>Por lo tanto, en t\u00e9rminos de lo que se establece en la normatividad vigente en la materia, se aprueba el presupuesto de egresos para el ejercicio fiscal 2020, por un monto total de <strong><u>$120,704,949.02<\/u><\/strong> (ciento veinte millones setecientos cuatro mil novecientos cuarenta y nueve pesos\u00a0con\u00a0dos cent\u00e9simas), de acuerdo con el monto que se pretende percibir en funci\u00f3n de lo establecido en la Ley de Ingresos para el ejercicio fiscal 2020<\/p>\n<p>&nbsp;<\/p>\n<p>&#8212;&#8212;&#8212;&#8212;&#8212;&#8211;adjunto a la presente acta de aprobaci\u00f3n, se integran los anexos que contienen el monto desagregado en los respectivos: clasificador por objeto del gasto, clasificaci\u00f3n administrativa, program\u00e1tica, el resumen por cap\u00edtulo del gasto, el clasificador\u00a0 por tipo de gasto, el clasificador funcional, los anal\u00edticos de plazas, dietas y servicios personales, el presupuesto por programa y subprogramas; y el calendario de presupuesto de egresos base mensual, mismos que forman parte integral de esta acta.&#8212;&#8212;&#8212;&#8212;&#8212;&#8212;&#8212;&#8212;&#8212;<\/p>\n<p>&nbsp;<\/p>\n<p>no habiendo otro asunto que tratar, se cierra la presente acta, siendo las <u>12:03<\/u> horas del d\u00eda 18 de Diciembre del 2019, <strong>firmando de conformidad los que en ella intervinieron al margen y al calce en todas las fojas de la presente acta, as\u00ed como en todos los anexos que la integran.<\/strong> &#8212;&#8212;&#8212;&#8212;&#8212;&#8212;&#8212;&#8212;&#8212;&#8212;&#8212;&#8212;&#8212;&#8212;&#8212;&#8212;&#8212;&#8212;&#8212;&#8212;&#8211;<\/p>\n<p>&nbsp;<\/p>\n<p>&nbsp;<\/p>\n<ol>\n<li>Humberto Pacheco Miralrio Lic. Perla Escamilla Viveros<\/li>\n<\/ol>\n<p>Presidente Municipal Constitucional\u00a0\u00a0\u00a0\u00a0\u00a0 \u00a0\u00a0\u00a0\u00a0\u00a0\u00a0\u00a0\u00a0\u00a0\u00a0\u00a0\u00a0\u00a0\u00a0\u00a0\u00a0\u00a0\u00a0\u00a0\u00a0\u00a0\u00a0\u00a0\u00a0\u00a0\u00a0\u00a0\u00a0\u00a0\u00a0\u00a0\u00a0\u00a0\u00a0\u00a0\u00a0\u00a0\u00a0\u00a0\u00a0\u00a0 S\u00edndica Procurador Municipal<\/p>\n<p>R\u00fabrica\u00a0\u00a0\u00a0\u00a0\u00a0\u00a0\u00a0\u00a0\u00a0\u00a0\u00a0\u00a0\u00a0\u00a0\u00a0\u00a0\u00a0\u00a0\u00a0\u00a0\u00a0\u00a0\u00a0\u00a0\u00a0\u00a0\u00a0\u00a0\u00a0\u00a0\u00a0\u00a0\u00a0\u00a0\u00a0\u00a0\u00a0\u00a0\u00a0\u00a0\u00a0\u00a0\u00a0\u00a0\u00a0\u00a0\u00a0\u00a0\u00a0\u00a0\u00a0\u00a0\u00a0\u00a0\u00a0\u00a0\u00a0\u00a0\u00a0\u00a0\u00a0\u00a0\u00a0\u00a0\u00a0\u00a0\u00a0\u00a0\u00a0\u00a0\u00a0\u00a0\u00a0\u00a0\u00a0\u00a0 \u00a0\u00a0\u00a0\u00a0\u00a0\u00a0\u00a0\u00a0 R\u00fabrica<\/p>\n<p>&nbsp;<\/p>\n<p>&nbsp;<\/p>\n<p>Ing. Hyttan Donato Aguilar Bautista\u00a0\u00a0\u00a0\u00a0\u00a0\u00a0\u00a0\u00a0\u00a0\u00a0\u00a0\u00a0\u00a0\u00a0\u00a0\u00a0\u00a0\u00a0\u00a0\u00a0\u00a0\u00a0\u00a0\u00a0\u00a0\u00a0\u00a0\u00a0\u00a0\u00a0\u00a0\u00a0\u00a0\u00a0\u00a0\u00a0\u00a0\u00a0\u00a0\u00a0\u00a0\u00a0\u00a0\u00a0\u00a0\u00a0\u00a0\u00a0\u00a0\u00a0\u00a0 C. Virginia Escamilla Cortes<\/p>\n<p>Regidor Municipal\u00a0\u00a0\u00a0\u00a0\u00a0\u00a0\u00a0\u00a0\u00a0\u00a0\u00a0\u00a0\u00a0\u00a0\u00a0\u00a0\u00a0\u00a0\u00a0\u00a0\u00a0\u00a0\u00a0\u00a0\u00a0\u00a0\u00a0\u00a0\u00a0\u00a0\u00a0\u00a0\u00a0\u00a0\u00a0\u00a0\u00a0\u00a0\u00a0\u00a0\u00a0\u00a0\u00a0\u00a0\u00a0\u00a0\u00a0\u00a0\u00a0\u00a0\u00a0\u00a0\u00a0\u00a0\u00a0\u00a0\u00a0\u00a0\u00a0\u00a0\u00a0\u00a0\u00a0\u00a0\u00a0\u00a0\u00a0\u00a0\u00a0\u00a0\u00a0\u00a0\u00a0\u00a0\u00a0\u00a0\u00a0 Regidora Municipal<\/p>\n<p>R\u00fabrica\u00a0\u00a0\u00a0\u00a0\u00a0\u00a0\u00a0\u00a0\u00a0\u00a0\u00a0\u00a0\u00a0\u00a0\u00a0\u00a0\u00a0\u00a0\u00a0\u00a0\u00a0\u00a0\u00a0\u00a0\u00a0\u00a0\u00a0\u00a0\u00a0\u00a0\u00a0\u00a0\u00a0\u00a0\u00a0\u00a0\u00a0\u00a0\u00a0\u00a0\u00a0\u00a0\u00a0\u00a0 \u00a0\u00a0\u00a0\u00a0\u00a0\u00a0\u00a0\u00a0\u00a0\u00a0\u00a0\u00a0\u00a0\u00a0\u00a0\u00a0\u00a0\u00a0\u00a0\u00a0\u00a0\u00a0\u00a0\u00a0\u00a0\u00a0\u00a0\u00a0\u00a0\u00a0\u00a0\u00a0\u00a0\u00a0\u00a0 \u00a0\u00a0\u00a0\u00a0\u00a0\u00a0\u00a0 R\u00fabrica<\/p>\n<p>&nbsp;<\/p>\n<p>&nbsp;<\/p>\n<p>L.N. Raymundo Neria de la Cruz\u00a0\u00a0\u00a0\u00a0\u00a0\u00a0\u00a0\u00a0\u00a0 \u00a0\u00a0\u00a0\u00a0\u00a0\u00a0\u00a0\u00a0\u00a0\u00a0\u00a0\u00a0\u00a0\u00a0\u00a0\u00a0\u00a0\u00a0\u00a0\u00a0\u00a0\u00a0\u00a0\u00a0\u00a0\u00a0\u00a0\u00a0\u00a0\u00a0\u00a0\u00a0\u00a0\u00a0\u00a0\u00a0\u00a0\u00a0\u00a0\u00a0L.E.L.I. Erika Citlali Lugo P\u00e9rez<\/p>\n<p>Regidor Municipal\u00a0\u00a0\u00a0\u00a0\u00a0\u00a0\u00a0\u00a0\u00a0\u00a0\u00a0\u00a0\u00a0\u00a0\u00a0\u00a0\u00a0\u00a0\u00a0\u00a0\u00a0\u00a0\u00a0\u00a0\u00a0\u00a0\u00a0\u00a0\u00a0\u00a0\u00a0\u00a0\u00a0\u00a0\u00a0\u00a0\u00a0\u00a0\u00a0\u00a0\u00a0\u00a0\u00a0\u00a0\u00a0\u00a0\u00a0\u00a0\u00a0\u00a0\u00a0\u00a0\u00a0\u00a0\u00a0\u00a0\u00a0\u00a0\u00a0\u00a0\u00a0\u00a0\u00a0\u00a0\u00a0\u00a0\u00a0\u00a0\u00a0\u00a0\u00a0\u00a0\u00a0\u00a0\u00a0 Regidora Municipal<\/p>\n<p>R\u00fabrica\u00a0\u00a0\u00a0\u00a0\u00a0\u00a0\u00a0\u00a0\u00a0\u00a0\u00a0\u00a0\u00a0\u00a0\u00a0\u00a0\u00a0\u00a0\u00a0\u00a0\u00a0\u00a0\u00a0\u00a0\u00a0\u00a0\u00a0\u00a0\u00a0\u00a0\u00a0\u00a0\u00a0\u00a0\u00a0\u00a0\u00a0\u00a0\u00a0\u00a0\u00a0\u00a0\u00a0\u00a0\u00a0\u00a0\u00a0\u00a0\u00a0\u00a0\u00a0\u00a0\u00a0\u00a0\u00a0\u00a0\u00a0\u00a0\u00a0\u00a0\u00a0\u00a0\u00a0\u00a0\u00a0\u00a0\u00a0\u00a0\u00a0\u00a0\u00a0\u00a0\u00a0\u00a0\u00a0\u00a0 \u00a0\u00a0\u00a0\u00a0\u00a0\u00a0\u00a0\u00a0 R\u00fabrica<\/p>\n<p>&nbsp;<\/p>\n<p>&nbsp;<\/p>\n<p>Profr. Adalberto Bruno \u00c1lvarez\u00a0\u00a0\u00a0\u00a0\u00a0\u00a0\u00a0\u00a0\u00a0\u00a0\u00a0\u00a0\u00a0\u00a0\u00a0\u00a0\u00a0\u00a0\u00a0\u00a0\u00a0\u00a0\u00a0\u00a0\u00a0\u00a0\u00a0\u00a0\u00a0\u00a0\u00a0\u00a0 \u00a0\u00a0\u00a0\u00a0\u00a0\u00a0\u00a0\u00a0\u00a0\u00a0\u00a0\u00a0\u00a0\u00a0\u00a0\u00a0\u00a0\u00a0\u00a0\u00a0\u00a0\u00a0\u00a0\u00a0Lic. Gabriela Trejo Salvador<\/p>\n<p>Regidor Municipal\u00a0\u00a0\u00a0\u00a0\u00a0\u00a0\u00a0\u00a0\u00a0\u00a0\u00a0\u00a0\u00a0\u00a0\u00a0\u00a0\u00a0\u00a0\u00a0 \u00a0\u00a0\u00a0\u00a0\u00a0\u00a0\u00a0\u00a0\u00a0\u00a0\u00a0\u00a0\u00a0\u00a0\u00a0\u00a0\u00a0\u00a0\u00a0\u00a0\u00a0\u00a0\u00a0\u00a0\u00a0\u00a0\u00a0\u00a0\u00a0\u00a0\u00a0\u00a0\u00a0\u00a0\u00a0\u00a0\u00a0\u00a0\u00a0\u00a0\u00a0\u00a0\u00a0\u00a0\u00a0\u00a0\u00a0\u00a0\u00a0\u00a0\u00a0\u00a0\u00a0\u00a0\u00a0\u00a0\u00a0\u00a0Regidora Municipal<\/p>\n<p>R\u00fabrica\u00a0\u00a0\u00a0\u00a0\u00a0\u00a0\u00a0\u00a0\u00a0\u00a0\u00a0\u00a0\u00a0\u00a0\u00a0\u00a0\u00a0\u00a0\u00a0\u00a0\u00a0\u00a0\u00a0\u00a0\u00a0\u00a0\u00a0\u00a0\u00a0\u00a0\u00a0\u00a0\u00a0\u00a0\u00a0\u00a0\u00a0\u00a0\u00a0\u00a0\u00a0\u00a0\u00a0\u00a0\u00a0\u00a0\u00a0\u00a0\u00a0\u00a0\u00a0\u00a0\u00a0\u00a0\u00a0\u00a0\u00a0\u00a0\u00a0\u00a0\u00a0\u00a0\u00a0\u00a0\u00a0\u00a0\u00a0\u00a0\u00a0\u00a0\u00a0\u00a0\u00a0\u00a0\u00a0\u00a0\u00a0\u00a0\u00a0\u00a0\u00a0\u00a0\u00a0\u00a0\u00a0 R\u00fabrica<\/p>\n<p>&nbsp;<\/p>\n<p>&nbsp;<\/p>\n<p>Profr. Xavier Flores Pati\u00f1o\u00a0\u00a0\u00a0\u00a0\u00a0\u00a0\u00a0\u00a0\u00a0\u00a0\u00a0\u00a0\u00a0\u00a0\u00a0\u00a0\u00a0\u00a0\u00a0\u00a0\u00a0\u00a0\u00a0\u00a0\u00a0\u00a0\u00a0\u00a0\u00a0\u00a0\u00a0\u00a0 \u00a0\u00a0\u00a0\u00a0\u00a0\u00a0\u00a0\u00a0\u00a0\u00a0\u00a0\u00a0\u00a0\u00a0\u00a0\u00a0\u00a0\u00a0\u00a0\u00a0\u00a0\u00a0\u00a0\u00a0\u00a0\u00a0\u00a0\u00a0\u00a0\u00a0\u00a0\u00a0\u00a0C. Miriam G\u00e1lvez Trejo<\/p>\n<p>Regidor Municipal\u00a0\u00a0\u00a0\u00a0\u00a0\u00a0\u00a0\u00a0\u00a0\u00a0\u00a0 \u00a0\u00a0\u00a0\u00a0\u00a0\u00a0\u00a0\u00a0\u00a0\u00a0\u00a0\u00a0\u00a0\u00a0\u00a0\u00a0\u00a0\u00a0\u00a0\u00a0\u00a0\u00a0\u00a0\u00a0\u00a0\u00a0\u00a0\u00a0\u00a0\u00a0\u00a0\u00a0\u00a0\u00a0\u00a0\u00a0\u00a0\u00a0\u00a0\u00a0\u00a0\u00a0\u00a0\u00a0\u00a0\u00a0\u00a0\u00a0\u00a0\u00a0\u00a0\u00a0\u00a0\u00a0\u00a0\u00a0\u00a0\u00a0\u00a0\u00a0\u00a0\u00a0\u00a0Regidora Municipal<\/p>\n<p>R\u00fabrica\u00a0\u00a0\u00a0\u00a0\u00a0\u00a0\u00a0\u00a0\u00a0\u00a0\u00a0\u00a0\u00a0\u00a0\u00a0\u00a0\u00a0\u00a0\u00a0\u00a0\u00a0\u00a0\u00a0\u00a0\u00a0\u00a0\u00a0\u00a0\u00a0\u00a0\u00a0\u00a0\u00a0\u00a0\u00a0\u00a0\u00a0\u00a0\u00a0\u00a0\u00a0\u00a0\u00a0\u00a0\u00a0\u00a0\u00a0\u00a0\u00a0\u00a0\u00a0\u00a0\u00a0\u00a0\u00a0\u00a0\u00a0\u00a0\u00a0\u00a0\u00a0\u00a0\u00a0\u00a0\u00a0\u00a0\u00a0\u00a0\u00a0 \u00a0\u00a0\u00a0\u00a0\u00a0\u00a0 \u00a0\u00a0\u00a0\u00a0\u00a0\u00a0\u00a0\u00a0\u00a0R\u00fabrica<\/p>\n<p>&nbsp;<\/p>\n<p>&nbsp;<\/p>\n<ol>\n<li>Heriberto Olgu\u00edn Mart\u00ednez \u00a0\u00a0\u00a0\u00a0\u00a0\u00a0\u00a0\u00a0\u00a0\u00a0\u00a0\u00a0\u00a0\u00a0\u00a0\u00a0\u00a0\u00a0\u00a0\u00a0\u00a0\u00a0\u00a0\u00a0\u00a0\u00a0C. Roberto \u00c1ngeles \u00c1lvarez<\/li>\n<\/ol>\n<p>Regidor Municipal\u00a0\u00a0\u00a0\u00a0\u00a0\u00a0\u00a0\u00a0\u00a0\u00a0\u00a0\u00a0\u00a0\u00a0\u00a0\u00a0\u00a0\u00a0\u00a0\u00a0\u00a0\u00a0\u00a0\u00a0\u00a0\u00a0\u00a0\u00a0\u00a0\u00a0\u00a0\u00a0\u00a0\u00a0\u00a0\u00a0\u00a0\u00a0\u00a0\u00a0\u00a0 \u00a0\u00a0\u00a0\u00a0\u00a0\u00a0\u00a0\u00a0\u00a0\u00a0\u00a0\u00a0\u00a0\u00a0\u00a0\u00a0\u00a0\u00a0\u00a0\u00a0\u00a0\u00a0\u00a0\u00a0\u00a0\u00a0\u00a0\u00a0\u00a0\u00a0\u00a0\u00a0\u00a0\u00a0\u00a0\u00a0Regidor Municipal<\/p>\n<p>R\u00fabrica\u00a0\u00a0\u00a0\u00a0\u00a0\u00a0\u00a0\u00a0\u00a0\u00a0\u00a0\u00a0\u00a0\u00a0\u00a0\u00a0\u00a0\u00a0\u00a0\u00a0\u00a0\u00a0\u00a0\u00a0\u00a0\u00a0\u00a0\u00a0\u00a0\u00a0\u00a0\u00a0\u00a0\u00a0\u00a0\u00a0\u00a0\u00a0\u00a0\u00a0\u00a0\u00a0\u00a0\u00a0\u00a0\u00a0\u00a0\u00a0\u00a0\u00a0\u00a0\u00a0\u00a0\u00a0\u00a0\u00a0\u00a0\u00a0\u00a0\u00a0\u00a0\u00a0\u00a0\u00a0\u00a0\u00a0\u00a0\u00a0\u00a0\u00a0\u00a0\u00a0 \u00a0\u00a0\u00a0\u00a0\u00a0\u00a0 \u00a0\u00a0\u00a0\u00a0\u00a0\u00a0\u00a0\u00a0R\u00fabrica<\/p>\n<p>&nbsp;<\/p>\n<p>&nbsp;<\/p>\n<ol>\n<li>Mar\u00eda Del Carmen Barrera Garc\u00eda \u00a0\u00a0\u00a0\u00a0\u00a0\u00a0\u00a0\u00a0\u00a0\u00a0\u00a0\u00a0\u00a0\u00a0\u00a0\u00a0\u00a0\u00a0\u00a0\u00a0\u00a0\u00a0\u00a0\u00a0C. Jaime Barrera Estrada<\/li>\n<\/ol>\n<p>Regidora Municipal\u00a0\u00a0\u00a0\u00a0\u00a0\u00a0\u00a0\u00a0\u00a0\u00a0\u00a0\u00a0\u00a0\u00a0\u00a0\u00a0\u00a0\u00a0\u00a0\u00a0\u00a0\u00a0\u00a0\u00a0\u00a0\u00a0\u00a0\u00a0\u00a0\u00a0\u00a0\u00a0\u00a0\u00a0\u00a0\u00a0\u00a0\u00a0\u00a0\u00a0\u00a0\u00a0\u00a0\u00a0\u00a0\u00a0\u00a0\u00a0\u00a0\u00a0\u00a0\u00a0\u00a0\u00a0\u00a0\u00a0\u00a0\u00a0\u00a0\u00a0\u00a0\u00a0\u00a0\u00a0\u00a0\u00a0\u00a0\u00a0\u00a0\u00a0\u00a0\u00a0\u00a0\u00a0 Regidor Municipal<\/p>\n<p>R\u00fabrica<\/p>\n<p>&nbsp;<\/p>\n<p>&nbsp;<\/p>\n<p>Derechos enterados 20-12-2019<\/p>\n<hr \/>\n<p style=\"text-align: justify;\"><span style=\"font-size: 16px;\"><a href=\"https:\/\/periodico.hidalgo.gob.mx\/?tribe_events=Periodico-Oficial-Alcance-6-del-30-de-diciembre-de-2019\">Peri\u00f3dico Oficial Alcance 6 del 30 de diciembre de 2019<\/a><\/span><\/p>\n<p style=\"text-align: justify;\"><span style=\"font-size: 16px;\">Esto es un extracto, por lo que en el documento que est\u00e1 visualizando puede haber texto, caracteres, im\u00e1genes u objetos que no se muestren debido a la conversi\u00f3n a formato HTML, por lo que le recomendamos tomar siempre como referencia el archivo PDF de la edici\u00f3n.<\/span><\/p>\n","protected":false},"excerpt":{"rendered":"<p>Documento contenido en el Peri\u00f3dico Oficial Alcance 6 del 30 de diciembre de 2019 Edici\u00f3n: Alcance 6 N\u00famero: 52 P\u00e1ginas: 98 Contenido: Municipio de Mixquiahuala de Ju\u00e1rez, Hidalgo. &#8211; Acta [&hellip;]<\/p>\n","protected":false},"author":1,"featured_media":0,"comment_status":"closed","ping_status":"closed","sticky":false,"template":"","format":"standard","meta":{"footnotes":""},"categories":[1],"tags":[917,184,354,261,482,112,162,668,1013,189,316,276,474,77,692,78,160,388,65,1027,831,80,424,102,57,596,765,553,274,220,41,345,55,85,174,159,190,99,391,965,732,375,393,46,263,146,1081,395],"class_list":["post-34274","post","type-post","status-publish","format-standard","hentry","category-uncategorized","tag-aprobacion","tag-articulos","tag-ayuntamiento","tag-bis","tag-concepto","tag-constitucion","tag-constitucion-politica","tag-constitucional","tag-cuatro","tag-del-distrito","tag-del-estado","tag-del-municipio","tag-derechos","tag-diciembre","tag-distrito","tag-ejercicio","tag-ejercicio-fiscal","tag-el-periodico-oficial","tag-estado","tag-estados","tag-estados-unidos","tag-estados-unidos-mexicanos","tag-fiscales","tag-hgo","tag-hidalgo","tag-horas","tag-humberto","tag-ingresos","tag-las","tag-ley","tag-ley-organica","tag-mixquiahuala","tag-municipal","tag-municipio","tag-municipios","tag-oficial","tag-periodico","tag-periodico-oficial","tag-presente","tag-presidente","tag-presidente-municipal","tag-presidente-municipal-constitucional","tag-presupuesto","tag-presupuesto-de-egresos","tag-programa","tag-servicios","tag-subprogramas","tag-terminos"],"_links":{"self":[{"href":"https:\/\/periodico.hidalgo.gob.mx\/index.php?rest_route=\/wp\/v2\/posts\/34274","targetHints":{"allow":["GET"]}}],"collection":[{"href":"https:\/\/periodico.hidalgo.gob.mx\/index.php?rest_route=\/wp\/v2\/posts"}],"about":[{"href":"https:\/\/periodico.hidalgo.gob.mx\/index.php?rest_route=\/wp\/v2\/types\/post"}],"author":[{"embeddable":true,"href":"https:\/\/periodico.hidalgo.gob.mx\/index.php?rest_route=\/wp\/v2\/users\/1"}],"replies":[{"embeddable":true,"href":"https:\/\/periodico.hidalgo.gob.mx\/index.php?rest_route=%2Fwp%2Fv2%2Fcomments&post=34274"}],"version-history":[{"count":0,"href":"https:\/\/periodico.hidalgo.gob.mx\/index.php?rest_route=\/wp\/v2\/posts\/34274\/revisions"}],"wp:attachment":[{"href":"https:\/\/periodico.hidalgo.gob.mx\/index.php?rest_route=%2Fwp%2Fv2%2Fmedia&parent=34274"}],"wp:term":[{"taxonomy":"category","embeddable":true,"href":"https:\/\/periodico.hidalgo.gob.mx\/index.php?rest_route=%2Fwp%2Fv2%2Fcategories&post=34274"},{"taxonomy":"post_tag","embeddable":true,"href":"https:\/\/periodico.hidalgo.gob.mx\/index.php?rest_route=%2Fwp%2Fv2%2Ftags&post=34274"}],"curies":[{"name":"wp","href":"https:\/\/api.w.org\/{rel}","templated":true}]}}